{"id":1657,"date":"2024-12-23T09:00:10","date_gmt":"2024-12-23T08:00:10","guid":{"rendered":"https:\/\/live-kora-tv.com\/?p=1657"},"modified":"2024-12-23T09:00:12","modified_gmt":"2024-12-23T08:00:12","slug":"tunisie-alerte-meteo-chute-des-temperatures-et-chutes-de-neige-attendues","status":"publish","type":"post","link":"https:\/\/live-kora-tv.com\/fr\/tunisie-alerte-meteo-chute-des-temperatures-et-chutes-de-neige-attendues\/","title":{"rendered":"Tunisie \u2013 Alerte m\u00e9t\u00e9o : chute des temp\u00e9ratures et chutes de neige attendues"},"content":{"rendered":"\n<p>Les pr\u00e9visions m\u00e9t\u00e9orologiques annoncent un <strong>refroidissement significatif<\/strong> pour ce lundi, avec des conditions climatiques particuli\u00e8rement rigoureuses dans les r\u00e9gions de l\u2019ouest et du nord.<\/p>\n\n\n\n<h3 class=\"wp-block-heading\">Temp\u00e9ratures en baisse<\/h3>\n\n\n\n<ul class=\"wp-block-list\">\n<li><strong>Nord et centre<\/strong> : Temp\u00e9ratures maximales entre <strong>9 et 14 degr\u00e9s<\/strong>.<\/li>\n\n\n\n<li><strong>Hautes altitudes de l\u2019ouest<\/strong> : Temp\u00e9ratures proches de <strong>6 degr\u00e9s<\/strong>.<\/li>\n\n\n\n<li><strong>Sud<\/strong> : Temp\u00e9ratures stables, oscillant entre <strong>14 et 18 degr\u00e9s<\/strong>.<\/li>\n<\/ul>\n\n\n\n<h3 class=\"wp-block-heading\">Pr\u00e9cipitations attendues<\/h3>\n\n\n\n<ul class=\"wp-block-list\">\n<li><strong>Pluies \u00e9parses et parfois orageuses<\/strong> pr\u00e9vues dans le nord et, localement, dans le centre.<\/li>\n\n\n\n<li>Pr\u00e9cipitations particuli\u00e8rement <strong>intenses sur les c\u00f4tes nord<\/strong> et les r\u00e9gions de l\u2019<strong>extr\u00eame nord-ouest<\/strong>, pouvant \u00eatre accompagn\u00e9es de <strong>gr\u00eale par endroits<\/strong>.<\/li>\n\n\n\n<li><strong>Chutes de neige<\/strong> pr\u00e9vues pendant la nuit sur les hauteurs de l\u2019ouest \u00e0 partir de <strong>800 m\u00e8tres d\u2019altitude<\/strong>.<\/li>\n<\/ul>\n\n\n\n<h3 class=\"wp-block-heading\">Vents forts et mer agit\u00e9e<\/h3>\n\n\n\n<ul class=\"wp-block-list\">\n<li><strong>Vents<\/strong> :\n<ul class=\"wp-block-list\">\n<li>De secteur ouest, soufflant <strong>fort \u00e0 tr\u00e8s fort<\/strong> pr\u00e8s des c\u00f4tes.<\/li>\n\n\n\n<li>Mod\u00e9r\u00e9s \u00e0 forts \u00e0 l\u2019int\u00e9rieur du pays, avec des <strong>tourbillons de sable localis\u00e9s<\/strong> dans le sud-est.<\/li>\n<\/ul>\n<\/li>\n\n\n\n<li><strong>Mer<\/strong> :\n<ul class=\"wp-block-list\">\n<li>Tr\u00e8s agit\u00e9e \u00e0 <strong>localement violente dans le nord<\/strong>.<\/li>\n\n\n\n<li>Tr\u00e8s agit\u00e9e \u00e0 houleuse sur les autres c\u00f4tes.<\/li>\n<\/ul>\n<\/li>\n<\/ul>\n\n\n\n<h3 class=\"wp-block-heading\">Recommandations<\/h3>\n\n\n\n<p>Les autorit\u00e9s appellent \u00e0 la <strong>vigilance<\/strong>, notamment dans les r\u00e9gions touch\u00e9es par les fortes pr\u00e9cipitations, les chutes de neige, et les vents violents. Les conducteurs sont invit\u00e9s \u00e0 faire preuve de prudence sur les routes, particuli\u00e8rement dans les zones montagneuses et c\u00f4ti\u00e8res.<\/p>\n","protected":false},"excerpt":{"rendered":"<p>Les pr\u00e9visions m\u00e9t\u00e9orologiques annoncent un refroidissement significatif pour ce lundi, avec des conditions climatiques particuli\u00e8rement rigoureuses dans les r\u00e9gions de l\u2019ouest et du nord. Temp\u00e9ratures en baisse Pr\u00e9cipitations attendues Vents forts et mer agit\u00e9e Recommandations Les autorit\u00e9s appellent \u00e0 la vigilance, notamment dans les r\u00e9gions touch\u00e9es par les fortes pr\u00e9cipitations, les chutes de neige, et [&hellip;]<\/p>\n","protected":false},"author":1,"featured_media":1658,"comment_status":"open","ping_status":"open","sticky":false,"template":"","format":"standard","meta":{"footnotes":""},"categories":[38],"tags":[],"class_list":{"0":"post-1657","1":"post","2":"type-post","3":"status-publish","4":"format-standard","5":"has-post-thumbnail","7":"category-societe"},"_links":{"self":[{"href":"https:\/\/live-kora-tv.com\/fr\/wp-json\/wp\/v2\/posts\/1657","targetHints":{"allow":["GET"]}}],"collection":[{"href":"https:\/\/live-kora-tv.com\/fr\/wp-json\/wp\/v2\/posts"}],"about":[{"href":"https:\/\/live-kora-tv.com\/fr\/wp-json\/wp\/v2\/types\/post"}],"author":[{"embeddable":true,"href":"https:\/\/live-kora-tv.com\/fr\/wp-json\/wp\/v2\/users\/1"}],"replies":[{"embeddable":true,"href":"https:\/\/live-kora-tv.com\/fr\/wp-json\/wp\/v2\/comments?post=1657"}],"version-history":[{"count":1,"href":"https:\/\/live-kora-tv.com\/fr\/wp-json\/wp\/v2\/posts\/1657\/revisions"}],"predecessor-version":[{"id":1660,"href":"https:\/\/live-kora-tv.com\/fr\/wp-json\/wp\/v2\/posts\/1657\/revisions\/1660"}],"wp:featuredmedia":[{"embeddable":true,"href":"https:\/\/live-kora-tv.com\/fr\/wp-json\/wp\/v2\/media\/1658"}],"wp:attachment":[{"href":"https:\/\/live-kora-tv.com\/fr\/wp-json\/wp\/v2\/media?parent=1657"}],"wp:term":[{"taxonomy":"category","embeddable":true,"href":"https:\/\/live-kora-tv.com\/fr\/wp-json\/wp\/v2\/categories?post=1657"},{"taxonomy":"post_tag","embeddable":true,"href":"https:\/\/live-kora-tv.com\/fr\/wp-json\/wp\/v2\/tags?post=1657"}],"curies":[{"name":"wp","href":"https:\/\/api.w.org\/{rel}","templated":true}]}}