{"id":1678,"date":"2024-12-24T16:49:00","date_gmt":"2024-12-24T15:49:00","guid":{"rendered":"https:\/\/live-kora-tv.com\/?p=1678"},"modified":"2024-12-24T14:50:20","modified_gmt":"2024-12-24T13:50:20","slug":"ville-de-tunis-les-livres-a-lhonneur-sur-lavenue-habib-bourguiba","status":"publish","type":"post","link":"https:\/\/live-kora-tv.com\/fr\/ville-de-tunis-les-livres-a-lhonneur-sur-lavenue-habib-bourguiba\/","title":{"rendered":"Ville de Tunis : Les livres \u00e0 l\u2019honneur sur l\u2019Avenue Habib Bourguiba"},"content":{"rendered":"\n<p>La <strong>Ville de Tunis<\/strong> c\u00e9l\u00e8bre la lecture avec la <strong>13\u1d49 \u00e9dition de la Foire du Livre<\/strong>, qui se tiendra du <strong>25 d\u00e9cembre au 11 janvier<\/strong> sur l\u2019<strong>Avenue Habib Bourguiba<\/strong>. Cet \u00e9v\u00e9nement, devenu un rendez-vous incontournable pour les amateurs de litt\u00e9rature, est organis\u00e9 par le <strong>commissariat r\u00e9gional des affaires culturelles<\/strong> du gouvernorat de Tunis.<\/p>\n\n\n\n<h3 class=\"wp-block-heading\">Une participation massive<\/h3>\n\n\n\n<ul class=\"wp-block-list\">\n<li><strong>80 maisons d\u2019\u00e9dition<\/strong> seront pr\u00e9sentes, repr\u00e9sentant une diversit\u00e9 de genres litt\u00e9raires.<\/li>\n\n\n\n<li>Pas moins de <strong>30 000 titres<\/strong> seront expos\u00e9s, offrant une large s\u00e9lection pour tous les go\u00fbts et \u00e2ges.<\/li>\n<\/ul>\n\n\n\n<h3 class=\"wp-block-heading\">Un rendez-vous culturel<\/h3>\n\n\n\n<p>Cette foire constitue une opportunit\u00e9 unique pour les passionn\u00e9s de lecture et les curieux de d\u00e9couvrir de nouveaux ouvrages, \u00e9changer avec les \u00e9diteurs et promouvoir la culture du livre dans la capitale tunisienne.<\/p>\n\n\n\n<p>L\u2019\u00e9v\u00e9nement t\u00e9moigne de l\u2019engagement de la Ville de Tunis en faveur de la <strong>promotion de la lecture<\/strong> et de l\u2019acc\u00e8s \u00e0 la culture pour tous.<\/p>\n","protected":false},"excerpt":{"rendered":"<p>La Ville de Tunis c\u00e9l\u00e8bre la lecture avec la 13\u1d49 \u00e9dition de la Foire du Livre, qui se tiendra du 25 d\u00e9cembre au 11 janvier sur l\u2019Avenue Habib Bourguiba. Cet \u00e9v\u00e9nement, devenu un rendez-vous incontournable pour les amateurs de litt\u00e9rature, est organis\u00e9 par le commissariat r\u00e9gional des affaires culturelles du gouvernorat de Tunis. Une participation [&hellip;]<\/p>\n","protected":false},"author":1,"featured_media":1679,"comment_status":"open","ping_status":"open","sticky":false,"template":"","format":"standard","meta":{"footnotes":""},"categories":[23],"tags":[],"class_list":{"0":"post-1678","1":"post","2":"type-post","3":"status-publish","4":"format-standard","5":"has-post-thumbnail","7":"category-culture-et-societe"},"_links":{"self":[{"href":"https:\/\/live-kora-tv.com\/fr\/wp-json\/wp\/v2\/posts\/1678","targetHints":{"allow":["GET"]}}],"collection":[{"href":"https:\/\/live-kora-tv.com\/fr\/wp-json\/wp\/v2\/posts"}],"about":[{"href":"https:\/\/live-kora-tv.com\/fr\/wp-json\/wp\/v2\/types\/post"}],"author":[{"embeddable":true,"href":"https:\/\/live-kora-tv.com\/fr\/wp-json\/wp\/v2\/users\/1"}],"replies":[{"embeddable":true,"href":"https:\/\/live-kora-tv.com\/fr\/wp-json\/wp\/v2\/comments?post=1678"}],"version-history":[{"count":1,"href":"https:\/\/live-kora-tv.com\/fr\/wp-json\/wp\/v2\/posts\/1678\/revisions"}],"predecessor-version":[{"id":1681,"href":"https:\/\/live-kora-tv.com\/fr\/wp-json\/wp\/v2\/posts\/1678\/revisions\/1681"}],"wp:featuredmedia":[{"embeddable":true,"href":"https:\/\/live-kora-tv.com\/fr\/wp-json\/wp\/v2\/media\/1679"}],"wp:attachment":[{"href":"https:\/\/live-kora-tv.com\/fr\/wp-json\/wp\/v2\/media?parent=1678"}],"wp:term":[{"taxonomy":"category","embeddable":true,"href":"https:\/\/live-kora-tv.com\/fr\/wp-json\/wp\/v2\/categories?post=1678"},{"taxonomy":"post_tag","embeddable":true,"href":"https:\/\/live-kora-tv.com\/fr\/wp-json\/wp\/v2\/tags?post=1678"}],"curies":[{"name":"wp","href":"https:\/\/api.w.org\/{rel}","templated":true}]}}