{"id":16965,"date":"2026-04-26T12:04:56","date_gmt":"2026-04-26T09:04:56","guid":{"rendered":"https:\/\/live-kora-tv.com\/leurovision-2026-a-vienne-risque-detre-boycotte-par-leurope-en-raison-de-la-participation-disrael\/"},"modified":"2026-04-26T12:05:05","modified_gmt":"2026-04-26T09:05:05","slug":"leurovision-2026-a-vienne-risque-detre-boycotte-par-leurope-en-raison-de-la-participation-disrael","status":"publish","type":"post","link":"https:\/\/live-kora-tv.com\/fr\/leurovision-2026-a-vienne-risque-detre-boycotte-par-leurope-en-raison-de-la-participation-disrael\/","title":{"rendered":"L&rsquo;Eurovision 2026 \u00e0 Vienne risque d&rsquo;\u00eatre boycott\u00e9 par l&rsquo;Europe en raison de la participation d&rsquo;Isra\u00ebl"},"content":{"rendered":"\n<p><strong><a href=\"https:\/\/live-kora-tv.com\/fr\/eurovision-2026-tous-les-pays-ont-devoile-leurs-representants-diversite-musicale-et-surprises-a-vienne\/\">Le concours Eurovision de la chanson 2026, pr\u00e9vu \u00e0 Vienne <\/a><\/strong>  \u00c0 la mi-mai, la participation d&rsquo;Isra\u00ebl \u00e0 la comp\u00e9tition a suscit\u00e9 une vaste controverse et un boycott croissant de la part d&rsquo;un certain nombre de pays europ\u00e9ens.  <\/p>\n\n<p><a href=\"https:\/\/www.theguardian.com\/tv-and-radio\/2026\/apr\/23\/slovenia-to-air-films-about-palestine-instead-of-eurovision-song-contest\" target=\"_blank\" rel=\"noopener\">Selon The Guardian, le <\/a>  Les radiodiffuseurs officiels de Slov\u00e9nie, d&rsquo;Irlande et d&rsquo;Espagne boycottent l&rsquo;\u00e9v\u00e9nement, une d\u00e9cision sans pr\u00e9c\u00e9dent qui refl\u00e8te les tensions politiques croissantes associ\u00e9es \u00e0 la comp\u00e9tition. <\/p>\n\n<p>La directrice de RTV Slov\u00e9nie, Ksenija Gorvat, a confirm\u00e9 que la cha\u00eene ne diffuserait pas le concours, mais le remplacerait par une s\u00e9rie de films intitul\u00e9e \u00ab\u00a0Voix de la Palestine\u00a0\u00bb, pr\u00e9sentant des documentaires et des fictions palestiniens.     <\/p>\n\n<p>Le radiodiffuseur espagnol RTVE a annonc\u00e9 qu&rsquo;il ne diffuserait pas la comp\u00e9tition, pour la premi\u00e8re fois depuis 1961, tandis que l&rsquo;Irlande est all\u00e9e encore plus loin en annon\u00e7ant qu&rsquo;elle ne participerait pas et qu&rsquo;elle n&rsquo;enverrait pas de repr\u00e9sentant \u00e0 la comp\u00e9tition.    <\/p>\n\n<p>D&rsquo;autres pays, comme les Pays-Bas et l&rsquo;Islande, ont d\u00e9cid\u00e9 de ne pas participer \u00e0 l&rsquo;\u00e9v\u00e9nement, mais continueront \u00e0 le diffuser, afin de s\u00e9parer l&rsquo;aspect artistique de la controverse politique.   <\/p>\n\n<p>La controverse d\u00e9coule de la d\u00e9cision de l&rsquo;Union europ\u00e9enne de radio-t\u00e9l\u00e9vision d&rsquo;autoriser Isra\u00ebl \u00e0 participer, malgr\u00e9 les op\u00e9rations militaires en cours dans la bande de Gaza, ce qui a suscit\u00e9 de nombreuses critiques et des appels au boycott.  <\/p>\n\n<p>Plus de 1 000 musiciens ont sign\u00e9 une lettre ouverte appelant au boycott du concours, tandis que les organisateurs tentent de limiter les influences politiques en renfor\u00e7ant les r\u00e8gles, notamment en ce qui concerne la transparence des campagnes de soutien et l&rsquo;utilisation de mat\u00e9riel promotionnel.   <\/p>\n\n<p>Le th\u00e8me est \u00ab\u00a0Unis par la musique\u00a0\u00bb, mais la controverse politique qui entoure l&rsquo;\u00e9v\u00e9nement risque d&rsquo;en faire l&rsquo;une des \u00e9ditions les plus conflictuelles de l&rsquo;histoire du concours. <\/p>\n","protected":false},"excerpt":{"rendered":"<p>Le concours Eurovision de la chanson 2026, pr\u00e9vu \u00e0 Vienne \u00c0 la mi-mai, la participation d&rsquo;Isra\u00ebl \u00e0 la comp\u00e9tition a suscit\u00e9 une vaste controverse et un boycott croissant de la part d&rsquo;un certain nombre de pays europ\u00e9ens. Selon The Guardian, le Les radiodiffuseurs officiels de Slov\u00e9nie, d&rsquo;Irlande et d&rsquo;Espagne boycottent l&rsquo;\u00e9v\u00e9nement, une d\u00e9cision sans pr\u00e9c\u00e9dent [&hellip;]<\/p>\n","protected":false},"author":4,"featured_media":16939,"comment_status":"open","ping_status":"open","sticky":false,"template":"","format":"standard","meta":{"footnotes":""},"categories":[23],"tags":[],"class_list":{"0":"post-16965","1":"post","2":"type-post","3":"status-publish","4":"format-standard","5":"has-post-thumbnail","7":"category-culture-et-societe"},"_links":{"self":[{"href":"https:\/\/live-kora-tv.com\/fr\/wp-json\/wp\/v2\/posts\/16965","targetHints":{"allow":["GET"]}}],"collection":[{"href":"https:\/\/live-kora-tv.com\/fr\/wp-json\/wp\/v2\/posts"}],"about":[{"href":"https:\/\/live-kora-tv.com\/fr\/wp-json\/wp\/v2\/types\/post"}],"author":[{"embeddable":true,"href":"https:\/\/live-kora-tv.com\/fr\/wp-json\/wp\/v2\/users\/4"}],"replies":[{"embeddable":true,"href":"https:\/\/live-kora-tv.com\/fr\/wp-json\/wp\/v2\/comments?post=16965"}],"version-history":[{"count":2,"href":"https:\/\/live-kora-tv.com\/fr\/wp-json\/wp\/v2\/posts\/16965\/revisions"}],"predecessor-version":[{"id":16968,"href":"https:\/\/live-kora-tv.com\/fr\/wp-json\/wp\/v2\/posts\/16965\/revisions\/16968"}],"wp:featuredmedia":[{"embeddable":true,"href":"https:\/\/live-kora-tv.com\/fr\/wp-json\/wp\/v2\/media\/16939"}],"wp:attachment":[{"href":"https:\/\/live-kora-tv.com\/fr\/wp-json\/wp\/v2\/media?parent=16965"}],"wp:term":[{"taxonomy":"category","embeddable":true,"href":"https:\/\/live-kora-tv.com\/fr\/wp-json\/wp\/v2\/categories?post=16965"},{"taxonomy":"post_tag","embeddable":true,"href":"https:\/\/live-kora-tv.com\/fr\/wp-json\/wp\/v2\/tags?post=16965"}],"curies":[{"name":"wp","href":"https:\/\/api.w.org\/{rel}","templated":true}]}}