{"id":16977,"date":"2026-04-27T12:59:47","date_gmt":"2026-04-27T09:59:47","guid":{"rendered":"https:\/\/live-kora-tv.com\/des-calculs-astronomiques-determinent-la-date-prevue-de-laid-al-adha-en-2026\/"},"modified":"2026-04-27T13:02:22","modified_gmt":"2026-04-27T10:02:22","slug":"des-calculs-astronomiques-determinent-la-date-prevue-de-laid-al-adha-en-2026","status":"publish","type":"post","link":"https:\/\/live-kora-tv.com\/fr\/des-calculs-astronomiques-determinent-la-date-prevue-de-laid-al-adha-en-2026\/","title":{"rendered":"Des calculs astronomiques d\u00e9terminent la date pr\u00e9vue de l&rsquo;A\u00efd al-Adha en 2026"},"content":{"rendered":"\n<p>Le lundi 27 avril 2026, Sara Snoussi, chef du d\u00e9partement de l&rsquo;espace universel \u00e0 la Cit\u00e9 des sciences en Tunisie, a annonc\u00e9 lors de l&rsquo;\u00e9mission radiophonique \u00ab\u00a0Sabah al-Nas\u00a0\u00bb la date pr\u00e9vue de l&rsquo;A\u00efd al-Adha, confirmant qu&rsquo;elle tombera astronomiquement le mercredi 27 mai 2026, selon son passage \u00e0 l&rsquo;\u00e9mission radiophonique \u00ab\u00a0Sabah al-Nas\u00a0\u00bb le lundi 27 avril 2026.    <\/p>\n\n<h2 class=\"wp-block-heading\">D\u00e9tails de la sonde du croissant de lune et du d\u00e9but de Dhu al-Hijjah<\/h2>\n\n<p>Expliquant les donn\u00e9es scientifiques et les calculs astronomiques pr\u00e9cis, Al-Senussi a pass\u00e9 en revue la chronologie des jours b\u00e9nis, qui se pr\u00e9sente comme suit :  <\/p>\n\n<ul class=\"wp-block-list\">\n<li><strong>La date de l&rsquo;observation du croissant de lune :<\/strong> Le samedi 16 mai 2026 a \u00e9t\u00e9 fix\u00e9 comme jour de l&rsquo;observation du croissant de lune pour le mois de Dhu al-Hijjah.<\/li>\n\n\n\n<li><strong>Mois complet de Dhu al-Qa&rsquo;dah :<\/strong> Selon les pr\u00e9dictions astrologiques, le dimanche 17 mai 2026 sera le mois complet de Dhu al-Qa&rsquo;dah. <\/li>\n\n\n\n<li><strong>Ghurrat al-Hijjah :<\/strong> Ainsi, le premier jour du mois de Dhu al-Hijjah pour l&rsquo;ann\u00e9e 1447 de l&rsquo;H\u00e9gire tombera le lundi 18 mai 2026. <\/li>\n<\/ul>\n\n<h2 class=\"wp-block-heading\">Quand est Arafat et le premier jour de l&rsquo;A\u00efd ?<\/h2>\n\n<p>Sur la base des dates mentionn\u00e9es ci-dessus, les rituels et \u00e9v\u00e9nements religieux les plus importants sont les suivants : <\/p>\n\n<ul class=\"wp-block-list\">\n<li><strong>Jour d&rsquo;Arafat (9e jour de Dhul Hijjah) :<\/strong> Astronomiquement, il tombera le mardi 26 mai 2026.<\/li>\n\n\n\n<li><strong>Le premier jour de l&rsquo;A\u00efd al-Adha :<\/strong> tombe officiellement, selon l&rsquo;astronomie, le mercredi 27 mai 2026.<\/li>\n<\/ul>\n","protected":false},"excerpt":{"rendered":"<p>Le lundi 27 avril 2026, Sara Snoussi, chef du d\u00e9partement de l&rsquo;espace universel \u00e0 la Cit\u00e9 des sciences en Tunisie, a annonc\u00e9 lors de l&rsquo;\u00e9mission radiophonique \u00ab\u00a0Sabah al-Nas\u00a0\u00bb la date pr\u00e9vue de l&rsquo;A\u00efd al-Adha, confirmant qu&rsquo;elle tombera astronomiquement le mercredi 27 mai 2026, selon son passage \u00e0 l&rsquo;\u00e9mission radiophonique \u00ab\u00a0Sabah al-Nas\u00a0\u00bb le lundi 27 avril [&hellip;]<\/p>\n","protected":false},"author":6,"featured_media":16975,"comment_status":"open","ping_status":"open","sticky":false,"template":"","format":"standard","meta":{"footnotes":""},"categories":[23],"tags":[],"class_list":{"0":"post-16977","1":"post","2":"type-post","3":"status-publish","4":"format-standard","5":"has-post-thumbnail","7":"category-culture-et-societe"},"_links":{"self":[{"href":"https:\/\/live-kora-tv.com\/fr\/wp-json\/wp\/v2\/posts\/16977","targetHints":{"allow":["GET"]}}],"collection":[{"href":"https:\/\/live-kora-tv.com\/fr\/wp-json\/wp\/v2\/posts"}],"about":[{"href":"https:\/\/live-kora-tv.com\/fr\/wp-json\/wp\/v2\/types\/post"}],"author":[{"embeddable":true,"href":"https:\/\/live-kora-tv.com\/fr\/wp-json\/wp\/v2\/users\/6"}],"replies":[{"embeddable":true,"href":"https:\/\/live-kora-tv.com\/fr\/wp-json\/wp\/v2\/comments?post=16977"}],"version-history":[{"count":1,"href":"https:\/\/live-kora-tv.com\/fr\/wp-json\/wp\/v2\/posts\/16977\/revisions"}],"predecessor-version":[{"id":16978,"href":"https:\/\/live-kora-tv.com\/fr\/wp-json\/wp\/v2\/posts\/16977\/revisions\/16978"}],"wp:featuredmedia":[{"embeddable":true,"href":"https:\/\/live-kora-tv.com\/fr\/wp-json\/wp\/v2\/media\/16975"}],"wp:attachment":[{"href":"https:\/\/live-kora-tv.com\/fr\/wp-json\/wp\/v2\/media?parent=16977"}],"wp:term":[{"taxonomy":"category","embeddable":true,"href":"https:\/\/live-kora-tv.com\/fr\/wp-json\/wp\/v2\/categories?post=16977"},{"taxonomy":"post_tag","embeddable":true,"href":"https:\/\/live-kora-tv.com\/fr\/wp-json\/wp\/v2\/tags?post=16977"}],"curies":[{"name":"wp","href":"https:\/\/api.w.org\/{rel}","templated":true}]}}