{"id":16989,"date":"2026-04-27T15:07:36","date_gmt":"2026-04-27T12:07:36","guid":{"rendered":"https:\/\/live-kora-tv.com\/le-gouvernement-sefforce-dameliorer-le-statut-des-universites-nationales-dans-les-classements-mondiaux\/"},"modified":"2026-04-27T16:02:55","modified_gmt":"2026-04-27T13:02:55","slug":"le-gouvernement-sefforce-dameliorer-le-statut-des-universites-nationales-dans-les-classements-mondiaux","status":"publish","type":"post","link":"https:\/\/live-kora-tv.com\/fr\/le-gouvernement-sefforce-dameliorer-le-statut-des-universites-nationales-dans-les-classements-mondiaux\/","title":{"rendered":"Le gouvernement s&rsquo;efforce d&rsquo;am\u00e9liorer le statut des universit\u00e9s nationales dans les classements mondiaux"},"content":{"rendered":"\n<p>Le ministre de l&rsquo;Enseignement sup\u00e9rieur et de la Recherche scientifique, Munther Belaid, en participant aux d\u00e9lib\u00e9rations de la session pl\u00e9ni\u00e8re sous la coupole de l&rsquo;Assembl\u00e9e du peuple, a mis l&rsquo;accent sur les nouvelles orientations, expliquant que le minist\u00e8re cherche \u00e0 renforcer l&rsquo;inclusion des institutions nationales d&rsquo;enseignement sup\u00e9rieur dans les classements arabes et internationaux des meilleures universit\u00e9s en d\u00e9veloppant la qualit\u00e9 des programmes et en fournissant le financement n\u00e9cessaire pour \u00e9lever le niveau de la recherche scientifique.    <\/p>\n\n<h2 class=\"wp-block-heading\">Aligner la formation acad\u00e9mique sur les exigences du march\u00e9 du travail<\/h2>\n\n<p>En ce qui concerne les plans strat\u00e9giques du minist\u00e8re visant \u00e0 d\u00e9velopper le secteur de la formation universitaire et \u00e0 accro\u00eetre l&#8217;employabilit\u00e9 des futurs dipl\u00f4m\u00e9s, le ministre Munther Belaid a pr\u00e9sent\u00e9 les d\u00e9cisions r\u00e9centes, en indiquant que cette ann\u00e9e, la r\u00e9habilitation de divers programmes de formation universitaire a \u00e9t\u00e9 entam\u00e9e et que le lien entre les parcours de formation et le march\u00e9 de l&#8217;emploi a \u00e9t\u00e9 renforc\u00e9. <\/p>\n","protected":false},"excerpt":{"rendered":"<p>Le ministre de l&rsquo;Enseignement sup\u00e9rieur et de la Recherche scientifique, Munther Belaid, en participant aux d\u00e9lib\u00e9rations de la session pl\u00e9ni\u00e8re sous la coupole de l&rsquo;Assembl\u00e9e du peuple, a mis l&rsquo;accent sur les nouvelles orientations, expliquant que le minist\u00e8re cherche \u00e0 renforcer l&rsquo;inclusion des institutions nationales d&rsquo;enseignement sup\u00e9rieur dans les classements arabes et internationaux des meilleures [&hellip;]<\/p>\n","protected":false},"author":6,"featured_media":16987,"comment_status":"open","ping_status":"open","sticky":false,"template":"","format":"standard","meta":{"footnotes":""},"categories":[68],"tags":[],"class_list":{"0":"post-16989","1":"post","2":"type-post","3":"status-publish","4":"format-standard","5":"has-post-thumbnail","7":"category-communaute"},"_links":{"self":[{"href":"https:\/\/live-kora-tv.com\/fr\/wp-json\/wp\/v2\/posts\/16989","targetHints":{"allow":["GET"]}}],"collection":[{"href":"https:\/\/live-kora-tv.com\/fr\/wp-json\/wp\/v2\/posts"}],"about":[{"href":"https:\/\/live-kora-tv.com\/fr\/wp-json\/wp\/v2\/types\/post"}],"author":[{"embeddable":true,"href":"https:\/\/live-kora-tv.com\/fr\/wp-json\/wp\/v2\/users\/6"}],"replies":[{"embeddable":true,"href":"https:\/\/live-kora-tv.com\/fr\/wp-json\/wp\/v2\/comments?post=16989"}],"version-history":[{"count":1,"href":"https:\/\/live-kora-tv.com\/fr\/wp-json\/wp\/v2\/posts\/16989\/revisions"}],"predecessor-version":[{"id":16990,"href":"https:\/\/live-kora-tv.com\/fr\/wp-json\/wp\/v2\/posts\/16989\/revisions\/16990"}],"wp:featuredmedia":[{"embeddable":true,"href":"https:\/\/live-kora-tv.com\/fr\/wp-json\/wp\/v2\/media\/16987"}],"wp:attachment":[{"href":"https:\/\/live-kora-tv.com\/fr\/wp-json\/wp\/v2\/media?parent=16989"}],"wp:term":[{"taxonomy":"category","embeddable":true,"href":"https:\/\/live-kora-tv.com\/fr\/wp-json\/wp\/v2\/categories?post=16989"},{"taxonomy":"post_tag","embeddable":true,"href":"https:\/\/live-kora-tv.com\/fr\/wp-json\/wp\/v2\/tags?post=16989"}],"curies":[{"name":"wp","href":"https:\/\/api.w.org\/{rel}","templated":true}]}}