{"id":17005,"date":"2026-04-28T09:24:56","date_gmt":"2026-04-28T06:24:56","guid":{"rendered":"https:\/\/live-kora-tv.com\/restructuration-massive-chez-meta-des-milliers-demployes-licencies-pour-financer-lintelligence-artificielle\/"},"modified":"2026-04-28T09:25:09","modified_gmt":"2026-04-28T06:25:09","slug":"restructuration-massive-chez-meta-des-milliers-demployes-licencies-pour-financer-lintelligence-artificielle","status":"publish","type":"post","link":"https:\/\/live-kora-tv.com\/fr\/restructuration-massive-chez-meta-des-milliers-demployes-licencies-pour-financer-lintelligence-artificielle\/","title":{"rendered":"Restructuration massive chez Meta : Des milliers d&#8217;employ\u00e9s licenci\u00e9s pour financer l&rsquo;intelligence artificielle"},"content":{"rendered":"\n<p>Pouss\u00e9es par la course \u00e0 l&rsquo;armement de l&rsquo;intelligence artificielle (IA), les grandes entreprises technologiques mondiales subissent des changements radicaux qui les obligent \u00e0 r\u00e9orienter leurs ressources humaines et financi\u00e8res. Meta est \u00e0 l&rsquo;avant-garde de cette \u00e9volution en adoptant des politiques d&rsquo;aust\u00e9rit\u00e9 strictes, y compris des r\u00e9ductions d&rsquo;effectifs, pour financer ses futurs investissements technologiques.  <\/p>\n\n<h2 class=\"wp-block-heading\">Plan de d\u00e9mobilisation et de r\u00e9duction<\/h2>\n\n<p>L&rsquo;entreprise de Mark Zuckerberg, qui g\u00e8re Facebook, Instagram et WhatsApp, s&rsquo;appr\u00eate \u00e0 mettre en \u0153uvre des d\u00e9cisions drastiques pour compenser les co\u00fbts de ses nouvelles entreprises, qui s&rsquo;\u00e9l\u00e8vent \u00e0 des milliards de dollars, selon des informations r\u00e9centes du Telegraph. Ces mesures comprennent :   <\/p>\n\n<ul class=\"wp-block-list\">\n<li><strong>Licenciements :<\/strong> Le licenciement d&rsquo;environ 10 % de la main-d&rsquo;\u0153uvre totale, ce qui se traduit par environ 8 000 licenciements au cours du mois prochain. <\/li>\n\n\n\n<li><strong>Gel des embauches :<\/strong> l&rsquo;annulation des plans pr\u00e9c\u00e9dents d&#8217;embauche d&rsquo;environ 6 000 nouveaux employ\u00e9s.<\/li>\n\n\n\n<li><strong>Accro\u00eetre l&rsquo;efficacit\u00e9 :<\/strong> Selon une note interne dont Bloomberg a eu connaissance, la direction g\u00e9n\u00e9rale a expliqu\u00e9 que ces mesures \u00e9taient n\u00e9cessaires pour accro\u00eetre l&rsquo;efficacit\u00e9 op\u00e9rationnelle et couvrir les co\u00fbts d&rsquo;autres investissements importants. <\/li>\n<\/ul>\n\n<h2 class=\"wp-block-heading\">Des budgets astronomiques pour rivaliser avec les g\u00e9ants de la Silicon Valley<\/h2>\n\n<p>Meta a averti ses actionnaires que ses d\u00e9penses totales cette ann\u00e9e pourraient atteindre 169 milliards de dollars (125 milliards de livres sterling). Ces budgets colossaux s&rsquo;inscrivent dans le cadre des efforts d\u00e9ploy\u00e9s par l&rsquo;entreprise pour combler le foss\u00e9 qui la s\u00e9pare de ses f\u00e9roces rivaux de la Silicon Valley, Google et OpenAI.   <\/p>\n\n<p>L&rsquo;entreprise injecte de l&rsquo;argent dans la modernisation de ses centres de donn\u00e9es et le renforcement de son infrastructure d&rsquo;IA. Pour attirer les meilleurs cerveaux dans ce domaine, Zuckerberg a offert des incitations financi\u00e8res sans pr\u00e9c\u00e9dent, notamment des primes \u00e0 la signature pouvant atteindre 100 millions de dollars, ainsi que des contrats \u00e0 long terme d&rsquo;une valeur maximale d&rsquo;un milliard de dollars.    <\/p>\n\n<h2 class=\"wp-block-heading\">Les paris sur le projet Metaverse s&rsquo;essoufflent<\/h2>\n\n<p>Ces d\u00e9veloppements co\u00efncident avec une vague de licenciements partiels que l&rsquo;entreprise a r\u00e9cemment mis en \u0153uvre dans plusieurs secteurs. Il s&rsquo;agit notamment de la division Virtual Reality Labs, qui a licenci\u00e9 environ 10 % de son personnel (soit quelque 700 personnes). Les observateurs consid\u00e8rent ces mesures comme une preuve \u00e9vidente du d\u00e9sint\u00e9r\u00eat de la direction pour le m\u00e9tavers en tant que seule vision d&rsquo;avenir de l&rsquo;entreprise, et d&rsquo;une r\u00e9orientation vers la r\u00e9volution de l&rsquo;intelligence artificielle (IA).    <\/p>\n","protected":false},"excerpt":{"rendered":"<p>Pouss\u00e9es par la course \u00e0 l&rsquo;armement de l&rsquo;intelligence artificielle (IA), les grandes entreprises technologiques mondiales subissent des changements radicaux qui les obligent \u00e0 r\u00e9orienter leurs ressources humaines et financi\u00e8res. Meta est \u00e0 l&rsquo;avant-garde de cette \u00e9volution en adoptant des politiques d&rsquo;aust\u00e9rit\u00e9 strictes, y compris des r\u00e9ductions d&rsquo;effectifs, pour financer ses futurs investissements technologiques. Plan de [&hellip;]<\/p>\n","protected":false},"author":6,"featured_media":17003,"comment_status":"open","ping_status":"open","sticky":false,"template":"","format":"standard","meta":{"footnotes":""},"categories":[22],"tags":[],"class_list":{"0":"post-17005","1":"post","2":"type-post","3":"status-publish","4":"format-standard","5":"has-post-thumbnail","7":"category-actualites-technologiques"},"_links":{"self":[{"href":"https:\/\/live-kora-tv.com\/fr\/wp-json\/wp\/v2\/posts\/17005","targetHints":{"allow":["GET"]}}],"collection":[{"href":"https:\/\/live-kora-tv.com\/fr\/wp-json\/wp\/v2\/posts"}],"about":[{"href":"https:\/\/live-kora-tv.com\/fr\/wp-json\/wp\/v2\/types\/post"}],"author":[{"embeddable":true,"href":"https:\/\/live-kora-tv.com\/fr\/wp-json\/wp\/v2\/users\/6"}],"replies":[{"embeddable":true,"href":"https:\/\/live-kora-tv.com\/fr\/wp-json\/wp\/v2\/comments?post=17005"}],"version-history":[{"count":3,"href":"https:\/\/live-kora-tv.com\/fr\/wp-json\/wp\/v2\/posts\/17005\/revisions"}],"predecessor-version":[{"id":17008,"href":"https:\/\/live-kora-tv.com\/fr\/wp-json\/wp\/v2\/posts\/17005\/revisions\/17008"}],"wp:featuredmedia":[{"embeddable":true,"href":"https:\/\/live-kora-tv.com\/fr\/wp-json\/wp\/v2\/media\/17003"}],"wp:attachment":[{"href":"https:\/\/live-kora-tv.com\/fr\/wp-json\/wp\/v2\/media?parent=17005"}],"wp:term":[{"taxonomy":"category","embeddable":true,"href":"https:\/\/live-kora-tv.com\/fr\/wp-json\/wp\/v2\/categories?post=17005"},{"taxonomy":"post_tag","embeddable":true,"href":"https:\/\/live-kora-tv.com\/fr\/wp-json\/wp\/v2\/tags?post=17005"}],"curies":[{"name":"wp","href":"https:\/\/api.w.org\/{rel}","templated":true}]}}