{"id":17015,"date":"2026-04-28T11:40:34","date_gmt":"2026-04-28T08:40:34","guid":{"rendered":"https:\/\/live-kora-tv.com\/le-president-saeed-ordonne-daccelerer-le-lancement-de-la-plateforme-de-recrutement-des-chomeurs-et-dassainir-ladministration\/"},"modified":"2026-04-28T11:40:38","modified_gmt":"2026-04-28T08:40:38","slug":"le-president-saeed-ordonne-daccelerer-le-lancement-de-la-plateforme-de-recrutement-des-chomeurs-et-dassainir-ladministration","status":"publish","type":"post","link":"https:\/\/live-kora-tv.com\/fr\/le-president-saeed-ordonne-daccelerer-le-lancement-de-la-plateforme-de-recrutement-des-chomeurs-et-dassainir-ladministration\/","title":{"rendered":"Le pr\u00e9sident Saeed ordonne d&rsquo;acc\u00e9l\u00e9rer le lancement de la plateforme de recrutement des ch\u00f4meurs et d&rsquo;assainir l&rsquo;administration."},"content":{"rendered":"\n<p>Le Pr\u00e9sident Saied ordonne d&rsquo;acc\u00e9l\u00e9rer le lancement de la plateforme de recrutement pour les ch\u00f4meurs et d&rsquo;assainir l&rsquo;administration<br\/>Le Pr\u00e9sident de la R\u00e9publique a ordonn\u00e9 de finaliser la plateforme num\u00e9rique d\u00e9di\u00e9e \u00e0 l&rsquo;ouverture de perspectives d&#8217;emploi pour les personnes souffrant d&rsquo;un ch\u00f4mage chronique de longue dur\u00e9e. Le Pr\u00e9sident a soulign\u00e9 que le processus de recrutement doit reposer sur des bases solides d&rsquo;\u00e9galit\u00e9 et d&rsquo;\u00e9quit\u00e9 afin de garantir les droits de tous. <\/p>\n\n<p>Cette d\u00e9claration a \u00e9t\u00e9 faite lors d&rsquo;une s\u00e9ance de travail tenue par le chef de l&rsquo;\u00c9tat le lundi 27 avril 2026, \u00e0 laquelle ont particip\u00e9 de hauts fonctionnaires :  <\/p>\n\n<ul class=\"wp-block-list\">\n<li>Sarah Al-Zafarani Al-Zanzari : Chef du gouvernement. <\/li>\n\n\n\n<li>Meshkat Salama Al Khalidi : Ministre des finances. <\/li>\n\n\n\n<li>Issam al-Ahmar : ministre des affaires sociales. <\/li>\n\n\n\n<li>Riad Shouad : Ministre de l&#8217;emploi et de la formation professionnelle. <\/li>\n<\/ul>\n\n<p>Dans ce contexte, le Pr\u00e9sident de la R\u00e9publique a \u00e9voqu\u00e9 les profonds d\u00e9s\u00e9quilibres qui affectent actuellement la fonction publique, notant que l&rsquo;administration vit dans une situation inconnue en raison des nominations ant\u00e9rieures bas\u00e9es sur le favoritisme et les loyaut\u00e9s personnelles, loin des contr\u00f4les op\u00e9rationnels l\u00e9gaux. Il a soulign\u00e9 qu&rsquo;il existe des groupes qui ont trait\u00e9 les institutions de l&rsquo;\u00c9tat comme des \u00ab\u00a0butins\u00a0\u00bb priv\u00e9s, en exploitant le pouvoir pour obtenir des privil\u00e8ges \u00e9troits, et m\u00eame en allant plus loin par leurs tentatives continues de d\u00e9stabiliser l&rsquo;atmosph\u00e8re et de semer la confusion par divers moyens.     <\/p>\n\n<p>Quant \u00e0 l&rsquo;attitude des citoyens face \u00e0 ce qui se passe, le Pr\u00e9sident de la R\u00e9publique l&rsquo;a soulign\u00e9e : <\/p>\n\n<p>\u00ab\u00a0Les citoyens connaissent tous les d\u00e9tails et sont les seuls \u00e0 pouvoir briser les cercles vicieux et d\u00e9voiler les salles obscures et les myst\u00e8res des fausses d\u00e9clarations et de ceux qui font commerce d&rsquo;illusions, en plus des soi-disant affiches, blogs et programmes payants, tant au pays qu&rsquo;\u00e0 l&rsquo;\u00e9tranger, dont les buts sont \u00e9vidents et les objectifs absurdes.\u00a0\u00bb<\/p>\n","protected":false},"excerpt":{"rendered":"<p>Le Pr\u00e9sident Saied ordonne d&rsquo;acc\u00e9l\u00e9rer le lancement de la plateforme de recrutement pour les ch\u00f4meurs et d&rsquo;assainir l&rsquo;administrationLe Pr\u00e9sident de la R\u00e9publique a ordonn\u00e9 de finaliser la plateforme num\u00e9rique d\u00e9di\u00e9e \u00e0 l&rsquo;ouverture de perspectives d&#8217;emploi pour les personnes souffrant d&rsquo;un ch\u00f4mage chronique de longue dur\u00e9e. Le Pr\u00e9sident a soulign\u00e9 que le processus de recrutement doit [&hellip;]<\/p>\n","protected":false},"author":6,"featured_media":17013,"comment_status":"open","ping_status":"open","sticky":false,"template":"","format":"standard","meta":{"footnotes":""},"categories":[25],"tags":[],"class_list":{"0":"post-17015","1":"post","2":"type-post","3":"status-publish","4":"format-standard","5":"has-post-thumbnail","7":"category-actualites-politiques"},"_links":{"self":[{"href":"https:\/\/live-kora-tv.com\/fr\/wp-json\/wp\/v2\/posts\/17015","targetHints":{"allow":["GET"]}}],"collection":[{"href":"https:\/\/live-kora-tv.com\/fr\/wp-json\/wp\/v2\/posts"}],"about":[{"href":"https:\/\/live-kora-tv.com\/fr\/wp-json\/wp\/v2\/types\/post"}],"author":[{"embeddable":true,"href":"https:\/\/live-kora-tv.com\/fr\/wp-json\/wp\/v2\/users\/6"}],"replies":[{"embeddable":true,"href":"https:\/\/live-kora-tv.com\/fr\/wp-json\/wp\/v2\/comments?post=17015"}],"version-history":[{"count":1,"href":"https:\/\/live-kora-tv.com\/fr\/wp-json\/wp\/v2\/posts\/17015\/revisions"}],"predecessor-version":[{"id":17016,"href":"https:\/\/live-kora-tv.com\/fr\/wp-json\/wp\/v2\/posts\/17015\/revisions\/17016"}],"wp:featuredmedia":[{"embeddable":true,"href":"https:\/\/live-kora-tv.com\/fr\/wp-json\/wp\/v2\/media\/17013"}],"wp:attachment":[{"href":"https:\/\/live-kora-tv.com\/fr\/wp-json\/wp\/v2\/media?parent=17015"}],"wp:term":[{"taxonomy":"category","embeddable":true,"href":"https:\/\/live-kora-tv.com\/fr\/wp-json\/wp\/v2\/categories?post=17015"},{"taxonomy":"post_tag","embeddable":true,"href":"https:\/\/live-kora-tv.com\/fr\/wp-json\/wp\/v2\/tags?post=17015"}],"curies":[{"name":"wp","href":"https:\/\/api.w.org\/{rel}","templated":true}]}}