{"id":17022,"date":"2026-04-28T12:25:47","date_gmt":"2026-04-28T09:25:47","guid":{"rendered":"https:\/\/live-kora-tv.com\/le-temps-aujourdhui-augmentation-relative-des-temperatures-et-previsions-dorages\/"},"modified":"2026-04-28T12:25:50","modified_gmt":"2026-04-28T09:25:50","slug":"le-temps-aujourdhui-augmentation-relative-des-temperatures-et-previsions-dorages","status":"publish","type":"post","link":"https:\/\/live-kora-tv.com\/fr\/le-temps-aujourdhui-augmentation-relative-des-temperatures-et-previsions-dorages\/","title":{"rendered":"Le temps aujourd&rsquo;hui : Augmentation relative des temp\u00e9ratures et pr\u00e9visions d&rsquo;orages"},"content":{"rendered":"\n<p>Aujourd&rsquo;hui, mardi 28 avril 2026, le pays est t\u00e9moin d&rsquo;un changement des facteurs m\u00e9t\u00e9orologiques, principalement repr\u00e9sent\u00e9 par une augmentation progressive et simple des indicateurs de chaleur, <strong>selon l&rsquo;Institut national de m\u00e9t\u00e9orologie<\/strong>.  <\/p>\n\n<p>Afin d&rsquo;optimiser la lisibilit\u00e9 des informations m\u00e9t\u00e9orologiques, voici les principales caract\u00e9ristiques du temps qu&rsquo;il fait aujourd&rsquo;hui : <\/p>\n\n<p>Temp\u00e9ratures : Les temp\u00e9ratures maximales devraient osciller entre 20 et 24 degr\u00e9s Celsius sur les hauts plateaux et les zones situ\u00e9es le long des c\u00f4tes orientales, et entre 25 et 30 degr\u00e9s Celsius dans le reste du pays. Dans la r\u00e9gion de Tozeur et dans l&rsquo;extr\u00eame sud, on enregistrera des temp\u00e9ratures plus \u00e9lev\u00e9es, jusqu&rsquo;\u00e0 34 degr\u00e9s.   <br\/><br\/>Conditions de ciel et de pluie : Des nuages partiels dominent la plupart des r\u00e9gions au d\u00e9but, pour se d\u00e9velopper plus tard au cours de l&rsquo;apr\u00e8s-midi avec la formation d&rsquo;orages isol\u00e9s, accompagn\u00e9s de pluie dans les parties ouest du centre et du nord. Il n&rsquo;est pas exclu que de la gr\u00eale tombe \u00e0 certains endroits et de fa\u00e7on limit\u00e9e.   <br\/><br\/>Mouvement des vents : Les vents sont d&rsquo;origine orientale, leur vitesse est mod\u00e9r\u00e9e \u00e0 relativement forte, et leur efficacit\u00e9 s&rsquo;intensifie localement dans les r\u00e9gions m\u00e9ridionales et pr\u00e8s de la bande c\u00f4ti\u00e8re, o\u00f9 ils peuvent provoquer des tourbillons et des temp\u00eates de sable, tandis que leur vitesse reste entre faible et mod\u00e9r\u00e9e dans les autres parties du pays.    <br\/>\u00c9tat de la mer : La mer sera tr\u00e8s agit\u00e9e \u00e0 agit\u00e9e dans la r\u00e9gion du Golfe de Gab\u00e8s, tandis que les autres c\u00f4tes seront caract\u00e9ris\u00e9es par des vagues agit\u00e9es \u00e0 ondul\u00e9es.  <\/p>\n\n<p><\/p>\n","protected":false},"excerpt":{"rendered":"<p>Aujourd&rsquo;hui, mardi 28 avril 2026, le pays est t\u00e9moin d&rsquo;un changement des facteurs m\u00e9t\u00e9orologiques, principalement repr\u00e9sent\u00e9 par une augmentation progressive et simple des indicateurs de chaleur, selon l&rsquo;Institut national de m\u00e9t\u00e9orologie. Afin d&rsquo;optimiser la lisibilit\u00e9 des informations m\u00e9t\u00e9orologiques, voici les principales caract\u00e9ristiques du temps qu&rsquo;il fait aujourd&rsquo;hui : Temp\u00e9ratures : Les temp\u00e9ratures maximales devraient osciller [&hellip;]<\/p>\n","protected":false},"author":6,"featured_media":17019,"comment_status":"open","ping_status":"open","sticky":false,"template":"","format":"standard","meta":{"footnotes":""},"categories":[68],"tags":[],"class_list":{"0":"post-17022","1":"post","2":"type-post","3":"status-publish","4":"format-standard","5":"has-post-thumbnail","7":"category-communaute"},"_links":{"self":[{"href":"https:\/\/live-kora-tv.com\/fr\/wp-json\/wp\/v2\/posts\/17022","targetHints":{"allow":["GET"]}}],"collection":[{"href":"https:\/\/live-kora-tv.com\/fr\/wp-json\/wp\/v2\/posts"}],"about":[{"href":"https:\/\/live-kora-tv.com\/fr\/wp-json\/wp\/v2\/types\/post"}],"author":[{"embeddable":true,"href":"https:\/\/live-kora-tv.com\/fr\/wp-json\/wp\/v2\/users\/6"}],"replies":[{"embeddable":true,"href":"https:\/\/live-kora-tv.com\/fr\/wp-json\/wp\/v2\/comments?post=17022"}],"version-history":[{"count":1,"href":"https:\/\/live-kora-tv.com\/fr\/wp-json\/wp\/v2\/posts\/17022\/revisions"}],"predecessor-version":[{"id":17023,"href":"https:\/\/live-kora-tv.com\/fr\/wp-json\/wp\/v2\/posts\/17022\/revisions\/17023"}],"wp:featuredmedia":[{"embeddable":true,"href":"https:\/\/live-kora-tv.com\/fr\/wp-json\/wp\/v2\/media\/17019"}],"wp:attachment":[{"href":"https:\/\/live-kora-tv.com\/fr\/wp-json\/wp\/v2\/media?parent=17022"}],"wp:term":[{"taxonomy":"category","embeddable":true,"href":"https:\/\/live-kora-tv.com\/fr\/wp-json\/wp\/v2\/categories?post=17022"},{"taxonomy":"post_tag","embeddable":true,"href":"https:\/\/live-kora-tv.com\/fr\/wp-json\/wp\/v2\/tags?post=17022"}],"curies":[{"name":"wp","href":"https:\/\/api.w.org\/{rel}","templated":true}]}}