{"id":17034,"date":"2026-04-28T15:11:57","date_gmt":"2026-04-28T12:11:57","guid":{"rendered":"https:\/\/live-kora-tv.com\/la-foule-est-au-rendez-vous-25-000-supporters-soutiennent-le-club-africain-contre-le-stade-tunisien\/"},"modified":"2026-04-28T15:12:01","modified_gmt":"2026-04-28T12:12:01","slug":"la-foule-est-au-rendez-vous-25-000-supporters-soutiennent-le-club-africain-contre-le-stade-tunisien","status":"publish","type":"post","link":"https:\/\/live-kora-tv.com\/fr\/la-foule-est-au-rendez-vous-25-000-supporters-soutiennent-le-club-africain-contre-le-stade-tunisien\/","title":{"rendered":"La foule est au rendez-vous : 25 000 supporters soutiennent le club africain contre le stade tunisien"},"content":{"rendered":"\n<p>Mardi matin, 28 avril 2026, le si\u00e8ge du gouvernorat de Ben Arous a tenu une r\u00e9union de coordination de la s\u00e9curit\u00e9 afin de discuter des dispositions organisationnelles pour le prochain match du Club Africain. La r\u00e9union a abouti \u00e0 des d\u00e9cisions organisationnelles claires concernant la pr\u00e9sence de la foule.   <\/p>\n\n<p>Les autorit\u00e9s charg\u00e9es de la s\u00e9curit\u00e9 ont donn\u00e9 leur accord officiel pour qu&rsquo;une part importante des billets soit attribu\u00e9e aux supporters du club africain, <strong>25 000 d&rsquo;entre eux<\/strong> \u00e9tant autoris\u00e9s \u00e0 soutenir leur \u00e9quipe depuis les tribunes. Il convient de noter que ce nombre total convenu inclut \u00e9galement les proches ayant souscrit un abonnement.  <\/p>\n\n<p>Pour mettre cet affrontement en perspective, nous jetons un coup d&rsquo;\u0153il sur les d\u00e9tails les plus importants de ce choc \u00e0 venir : <\/p>\n\n<ul class=\"wp-block-list\">\n<li><strong>Les deux \u00e9quipes :<\/strong> Club Africain vs Tunisien Stade.<\/li>\n\n\n\n<li><strong>La date du match :<\/strong> Dimanche prochain, 3 mai 2026. <\/li>\n\n\n\n<li><strong>Le th\u00e9\u00e2tre du match :<\/strong> Stade Olympique Hammadi Larbi \u00e0 Rad\u00e8s.<\/li>\n\n\n\n<li><strong>Cadre de la comp\u00e9tition :<\/strong> Ce choc au sommet s&rsquo;inscrit dans le cadre de la 28e journ\u00e9e du championnat de Ligue 1.<\/li>\n<\/ul>\n","protected":false},"excerpt":{"rendered":"<p>Mardi matin, 28 avril 2026, le si\u00e8ge du gouvernorat de Ben Arous a tenu une r\u00e9union de coordination de la s\u00e9curit\u00e9 afin de discuter des dispositions organisationnelles pour le prochain match du Club Africain. La r\u00e9union a abouti \u00e0 des d\u00e9cisions organisationnelles claires concernant la pr\u00e9sence de la foule. Les autorit\u00e9s charg\u00e9es de la s\u00e9curit\u00e9 [&hellip;]<\/p>\n","protected":false},"author":6,"featured_media":17032,"comment_status":"open","ping_status":"open","sticky":false,"template":"","format":"standard","meta":{"footnotes":""},"categories":[20],"tags":[],"class_list":{"0":"post-17034","1":"post","2":"type-post","3":"status-publish","4":"format-standard","5":"has-post-thumbnail","7":"category-actualites-sportives"},"_links":{"self":[{"href":"https:\/\/live-kora-tv.com\/fr\/wp-json\/wp\/v2\/posts\/17034","targetHints":{"allow":["GET"]}}],"collection":[{"href":"https:\/\/live-kora-tv.com\/fr\/wp-json\/wp\/v2\/posts"}],"about":[{"href":"https:\/\/live-kora-tv.com\/fr\/wp-json\/wp\/v2\/types\/post"}],"author":[{"embeddable":true,"href":"https:\/\/live-kora-tv.com\/fr\/wp-json\/wp\/v2\/users\/6"}],"replies":[{"embeddable":true,"href":"https:\/\/live-kora-tv.com\/fr\/wp-json\/wp\/v2\/comments?post=17034"}],"version-history":[{"count":1,"href":"https:\/\/live-kora-tv.com\/fr\/wp-json\/wp\/v2\/posts\/17034\/revisions"}],"predecessor-version":[{"id":17035,"href":"https:\/\/live-kora-tv.com\/fr\/wp-json\/wp\/v2\/posts\/17034\/revisions\/17035"}],"wp:featuredmedia":[{"embeddable":true,"href":"https:\/\/live-kora-tv.com\/fr\/wp-json\/wp\/v2\/media\/17032"}],"wp:attachment":[{"href":"https:\/\/live-kora-tv.com\/fr\/wp-json\/wp\/v2\/media?parent=17034"}],"wp:term":[{"taxonomy":"category","embeddable":true,"href":"https:\/\/live-kora-tv.com\/fr\/wp-json\/wp\/v2\/categories?post=17034"},{"taxonomy":"post_tag","embeddable":true,"href":"https:\/\/live-kora-tv.com\/fr\/wp-json\/wp\/v2\/tags?post=17034"}],"curies":[{"name":"wp","href":"https:\/\/api.w.org\/{rel}","templated":true}]}}