{"id":17104,"date":"2026-04-30T12:31:36","date_gmt":"2026-04-30T09:31:36","guid":{"rendered":"https:\/\/live-kora-tv.com\/un-pas-vers-lavenir-la-fifa-et-luniversite-tunisienne-organisent-une-journee-portes-ouvertes-sur-le-football-feminin-a-karam\/"},"modified":"2026-04-30T12:31:40","modified_gmt":"2026-04-30T09:31:40","slug":"un-pas-vers-lavenir-la-fifa-et-luniversite-tunisienne-organisent-une-journee-portes-ouvertes-sur-le-football-feminin-a-karam","status":"publish","type":"post","link":"https:\/\/live-kora-tv.com\/fr\/un-pas-vers-lavenir-la-fifa-et-luniversite-tunisienne-organisent-une-journee-portes-ouvertes-sur-le-football-feminin-a-karam\/","title":{"rendered":"Un pas vers l&rsquo;avenir : La FIFA et l&rsquo;Universit\u00e9 tunisienne organisent une journ\u00e9e portes ouvertes sur le football f\u00e9minin \u00e0 Karam"},"content":{"rendered":"\n<p>La Ligue tunisienne de football, en \u00e9troite collaboration avec la FIFA, s&rsquo;appr\u00eate \u00e0 lancer un \u00e9v\u00e9nement sportif unique : une journ\u00e9e portes ouvertes d\u00e9di\u00e9e au soutien et au d\u00e9veloppement du football f\u00e9minin. L&rsquo;\u00e9v\u00e9nement est pr\u00e9vu au stade municipal de Kerem le samedi 2 mai 2026.    <\/p>\n\n<p>Cette initiative s&rsquo;inscrit dans le cadre de la mise en \u0153uvre des termes de l&rsquo;accord conjoint sign\u00e9 pr\u00e9c\u00e9demment entre l&rsquo;Universit\u00e9 tunisienne et son homologue norv\u00e9gienne. Ce partenariat, en vigueur depuis un certain temps, s&rsquo;est traduit par l&rsquo;organisation de stages intensifs pour les professeurs d&rsquo;\u00e9ducation physique, dans le but de perfectionner leurs comp\u00e9tences dans le domaine de la formation et de l&rsquo;encadrement acad\u00e9mique du football f\u00e9minin.    <\/p>\n\n<p>Ce projet sportif, directement financ\u00e9 par la FIFA, vise \u00e0 atteindre un certain nombre d&rsquo;objectifs strat\u00e9giques afin de former une nouvelle g\u00e9n\u00e9ration d&rsquo;athl\u00e8tes f\u00e9minines, notamment :   <\/p>\n\n<ul class=\"wp-block-list\">\n<li><strong>Diffuser la culture du jeu :<\/strong> Souligner l&rsquo;importance et le prestige du football f\u00e9minin et encourager la participation.<\/li>\n\n\n\n<li><strong>Formation et coaching :<\/strong> D\u00e9velopper les jeunes talents et permettre aux filles de pratiquer leurs hobbies dans un cadre organisationnel.<\/li>\n\n\n\n<li><strong>Offrir des espaces s\u00fbrs :<\/strong> Pr\u00e9parez des terrains de jeu et des installations qui r\u00e9pondent aux besoins des joueuses et leur offrent un environnement sportif favorable.<\/li>\n<\/ul>\n\n<p>L&rsquo;\u00e9v\u00e9nement devrait conna\u00eetre une large participation, attirant entre 150 et 190 jeunes filles, \u00e2g\u00e9es de moins de 14 ans, s\u00e9lectionn\u00e9es dans diverses institutions scolaires et centres de promotion du sport.   <\/p>\n\n<p>Le programme g\u00e9n\u00e9ral de la Journ\u00e9e Portes Ouvertes comprend une s\u00e9rie de sessions de formation et d&rsquo;ateliers interactifs visant \u00e0 \u00e9duquer les participants sur le r\u00f4le positif et central du football f\u00e9minin en Tunisie. L&rsquo;\u00e9v\u00e9nement se d\u00e9roulera en pr\u00e9sence et avec l&rsquo;encouragement de plusieurs parties, \u00e0 savoir :  <\/p>\n\n<ul class=\"wp-block-list\">\n<li>Les parents des joueurs participant \u00e0 l&rsquo;\u00e9v\u00e9nement.<\/li>\n\n\n\n<li>Un groupe de professeurs et d&rsquo;instructeurs d&rsquo;\u00e9ducation physique.<\/li>\n\n\n\n<li>Officiels et personnalit\u00e9s repr\u00e9sentant la Ligue tunisienne de football.<\/li>\n\n\n\n<li>Fonctionnaires de la d\u00e9l\u00e9gation r\u00e9gionale des sports de Tunis.<\/li>\n\n\n\n<li>Une d\u00e9l\u00e9gation repr\u00e9sentant l&rsquo;Organisation du Scoutisme Tunisien.<\/li>\n<\/ul>\n\n<p>Dans un contexte connexe de soutien \u00e0 la sc\u00e8ne sportive locale, les autorit\u00e9s comp\u00e9tentes intensifient leurs efforts pour pr\u00e9parer le lancement d&rsquo;un nouveau projet de loi r\u00e9glementaire dans la p\u00e9riode \u00e0 venir. La l\u00e9gislation \u00e0 venir vise \u00e0 l\u00e9galiser et \u00e0 faciliter la cr\u00e9ation d&rsquo;acad\u00e9mies sp\u00e9cialis\u00e9es dans le football f\u00e9minin, ce qui augmentera les chances d&rsquo;\u00e9lever le niveau du jeu, de d\u00e9velopper sa structure dans le pays et de construire une base professionnelle solide.   <\/p>\n\n<p>Pour conclure, il convient de mentionner que le partenariat fructueux entre l&rsquo;Universit\u00e9 tunisienne et la FIFA ne s&rsquo;arr\u00eatera pas \u00e0 la capitale, puisqu&rsquo;une journ\u00e9e sportive ouverte similaire est actuellement pr\u00e9vue pour se tenir prochainement dans l&rsquo;une des provinces du sud tunisien, dans le cadre du m\u00eame programme strat\u00e9gique visant \u00e0 \u00e9tendre la pratique du sport f\u00e9minin sur l&rsquo;ensemble du territoire de la R\u00e9publique.   <\/p>\n","protected":false},"excerpt":{"rendered":"<p>La Ligue tunisienne de football, en \u00e9troite collaboration avec la FIFA, s&rsquo;appr\u00eate \u00e0 lancer un \u00e9v\u00e9nement sportif unique : une journ\u00e9e portes ouvertes d\u00e9di\u00e9e au soutien et au d\u00e9veloppement du football f\u00e9minin. L&rsquo;\u00e9v\u00e9nement est pr\u00e9vu au stade municipal de Kerem le samedi 2 mai 2026. Cette initiative s&rsquo;inscrit dans le cadre de la mise en [&hellip;]<\/p>\n","protected":false},"author":6,"featured_media":17102,"comment_status":"open","ping_status":"open","sticky":false,"template":"","format":"standard","meta":{"footnotes":""},"categories":[20],"tags":[],"class_list":{"0":"post-17104","1":"post","2":"type-post","3":"status-publish","4":"format-standard","5":"has-post-thumbnail","7":"category-actualites-sportives"},"_links":{"self":[{"href":"https:\/\/live-kora-tv.com\/fr\/wp-json\/wp\/v2\/posts\/17104","targetHints":{"allow":["GET"]}}],"collection":[{"href":"https:\/\/live-kora-tv.com\/fr\/wp-json\/wp\/v2\/posts"}],"about":[{"href":"https:\/\/live-kora-tv.com\/fr\/wp-json\/wp\/v2\/types\/post"}],"author":[{"embeddable":true,"href":"https:\/\/live-kora-tv.com\/fr\/wp-json\/wp\/v2\/users\/6"}],"replies":[{"embeddable":true,"href":"https:\/\/live-kora-tv.com\/fr\/wp-json\/wp\/v2\/comments?post=17104"}],"version-history":[{"count":1,"href":"https:\/\/live-kora-tv.com\/fr\/wp-json\/wp\/v2\/posts\/17104\/revisions"}],"predecessor-version":[{"id":17105,"href":"https:\/\/live-kora-tv.com\/fr\/wp-json\/wp\/v2\/posts\/17104\/revisions\/17105"}],"wp:featuredmedia":[{"embeddable":true,"href":"https:\/\/live-kora-tv.com\/fr\/wp-json\/wp\/v2\/media\/17102"}],"wp:attachment":[{"href":"https:\/\/live-kora-tv.com\/fr\/wp-json\/wp\/v2\/media?parent=17104"}],"wp:term":[{"taxonomy":"category","embeddable":true,"href":"https:\/\/live-kora-tv.com\/fr\/wp-json\/wp\/v2\/categories?post=17104"},{"taxonomy":"post_tag","embeddable":true,"href":"https:\/\/live-kora-tv.com\/fr\/wp-json\/wp\/v2\/tags?post=17104"}],"curies":[{"name":"wp","href":"https:\/\/api.w.org\/{rel}","templated":true}]}}