{"id":17120,"date":"2026-04-30T15:31:16","date_gmt":"2026-04-30T12:31:16","guid":{"rendered":"https:\/\/live-kora-tv.com\/mostakbal-soliman-fait-une-demande-officielle-dimages-var-du-match-contre-lequipe-africaine\/"},"modified":"2026-04-30T15:31:19","modified_gmt":"2026-04-30T12:31:19","slug":"mostakbal-soliman-fait-une-demande-officielle-dimages-var-du-match-contre-lequipe-africaine","status":"publish","type":"post","link":"https:\/\/live-kora-tv.com\/fr\/mostakbal-soliman-fait-une-demande-officielle-dimages-var-du-match-contre-lequipe-africaine\/","title":{"rendered":"Mostakbal Soliman fait une demande officielle d&rsquo;images VAR du match contre l&rsquo;\u00e9quipe africaine."},"content":{"rendered":"\n<p>Le Club Sportif du Futur de Sleiman a annonc\u00e9 qu&rsquo;il a envoy\u00e9 une communication officielle au D\u00e9partement National de l&rsquo;Arbitrage, demandant la permission d&rsquo;\u00e9couter les enregistrements de l&rsquo;arbitre assistant vid\u00e9o (VAR). La direction de l&rsquo;\u00e9quipe souhaite revoir tous les d\u00e9tails et donn\u00e9es relatifs aux d\u00e9cisions prises lors du match contre le Club Africain, qui s&rsquo;est d\u00e9roul\u00e9 le 29 avril.   <\/p>\n\n<p>La direction du club a expliqu\u00e9 que l&rsquo;objectif principal de cette demande est centr\u00e9 sur les points suivants :<\/p>\n\n<ul class=\"wp-block-list\">\n<li><strong>Pr\u00e9visualiser les s\u00e9quences controvers\u00e9es :<\/strong> Valider les d\u00e9cisions dans certaines des situations arbitrales les plus marquantes qui se sont d\u00e9roul\u00e9es pendant le match.<\/li>\n\n\n\n<li><strong>\u00c9coutez les conversations :<\/strong> Acc\u00e8s en direct aux dialogues audio entre l&rsquo;arbitre principal de l&rsquo;ar\u00e8ne et l&rsquo;\u00e9quipe d&rsquo;arbitres du VTC.<\/li>\n\n\n\n<li><strong>Assurer la clart\u00e9 :<\/strong> Instaurer le principe de transparence totale et identifier avec pr\u00e9cision les motivations r\u00e9elles des d\u00e9cisions d&rsquo;arbitrage prises au cours du jeu.<\/li>\n<\/ul>\n\n<p>A la fin de sa mise au point, le club a soulign\u00e9 son adh\u00e9sion absolue \u00e0 son droit l\u00e9gitime d&rsquo;acc\u00e9der \u00e0 ces enregistrements et donn\u00e9es, comme c&rsquo;est le cas pour d&rsquo;autres clubs et associations sportives. La direction de Sleiman Future a \u00e9galement confirm\u00e9 qu&rsquo;elle se r\u00e9serve le droit d&rsquo;escalader et de prendre toutes les mesures l\u00e9gales n\u00e9cessaires et les d\u00e9marches qu&rsquo;elle juge appropri\u00e9es pour d\u00e9fendre les int\u00e9r\u00eats de l&rsquo;\u00e9quipe et revendiquer ses droits.   <\/p>\n","protected":false},"excerpt":{"rendered":"<p>Le Club Sportif du Futur de Sleiman a annonc\u00e9 qu&rsquo;il a envoy\u00e9 une communication officielle au D\u00e9partement National de l&rsquo;Arbitrage, demandant la permission d&rsquo;\u00e9couter les enregistrements de l&rsquo;arbitre assistant vid\u00e9o (VAR). La direction de l&rsquo;\u00e9quipe souhaite revoir tous les d\u00e9tails et donn\u00e9es relatifs aux d\u00e9cisions prises lors du match contre le Club Africain, qui s&rsquo;est [&hellip;]<\/p>\n","protected":false},"author":6,"featured_media":17118,"comment_status":"open","ping_status":"open","sticky":false,"template":"","format":"standard","meta":{"footnotes":""},"categories":[20],"tags":[],"class_list":{"0":"post-17120","1":"post","2":"type-post","3":"status-publish","4":"format-standard","5":"has-post-thumbnail","7":"category-actualites-sportives"},"_links":{"self":[{"href":"https:\/\/live-kora-tv.com\/fr\/wp-json\/wp\/v2\/posts\/17120","targetHints":{"allow":["GET"]}}],"collection":[{"href":"https:\/\/live-kora-tv.com\/fr\/wp-json\/wp\/v2\/posts"}],"about":[{"href":"https:\/\/live-kora-tv.com\/fr\/wp-json\/wp\/v2\/types\/post"}],"author":[{"embeddable":true,"href":"https:\/\/live-kora-tv.com\/fr\/wp-json\/wp\/v2\/users\/6"}],"replies":[{"embeddable":true,"href":"https:\/\/live-kora-tv.com\/fr\/wp-json\/wp\/v2\/comments?post=17120"}],"version-history":[{"count":1,"href":"https:\/\/live-kora-tv.com\/fr\/wp-json\/wp\/v2\/posts\/17120\/revisions"}],"predecessor-version":[{"id":17121,"href":"https:\/\/live-kora-tv.com\/fr\/wp-json\/wp\/v2\/posts\/17120\/revisions\/17121"}],"wp:featuredmedia":[{"embeddable":true,"href":"https:\/\/live-kora-tv.com\/fr\/wp-json\/wp\/v2\/media\/17118"}],"wp:attachment":[{"href":"https:\/\/live-kora-tv.com\/fr\/wp-json\/wp\/v2\/media?parent=17120"}],"wp:term":[{"taxonomy":"category","embeddable":true,"href":"https:\/\/live-kora-tv.com\/fr\/wp-json\/wp\/v2\/categories?post=17120"},{"taxonomy":"post_tag","embeddable":true,"href":"https:\/\/live-kora-tv.com\/fr\/wp-json\/wp\/v2\/tags?post=17120"}],"curies":[{"name":"wp","href":"https:\/\/api.w.org\/{rel}","templated":true}]}}