{"id":17134,"date":"2026-04-30T17:44:44","date_gmt":"2026-04-30T14:44:44","guid":{"rendered":"https:\/\/live-kora-tv.com\/le-classement-2026-de-la-liberte-de-la-presse-est-le-plus-mauvais-depuis-25-ans\/"},"modified":"2026-04-30T17:44:47","modified_gmt":"2026-04-30T14:44:47","slug":"le-classement-2026-de-la-liberte-de-la-presse-est-le-plus-mauvais-depuis-25-ans","status":"publish","type":"post","link":"https:\/\/live-kora-tv.com\/fr\/le-classement-2026-de-la-liberte-de-la-presse-est-le-plus-mauvais-depuis-25-ans\/","title":{"rendered":"Le classement 2026 de la libert\u00e9 de la presse est le plus mauvais depuis 25 ans"},"content":{"rendered":"\n<p>Dans son rapport annuel sur le Classement mondial de la libert\u00e9 de la presse 2026, Reporters sans fronti\u00e8res (RSF) a r\u00e9v\u00e9l\u00e9 une d\u00e9t\u00e9rioration sans pr\u00e9c\u00e9dent de la r\u00e9alit\u00e9 du journalisme, avec des indicateurs tombant \u00e0 leur plus bas niveau depuis un quart de si\u00e8cle.  <\/p>\n\n<p>Le rapport montre que la moyenne mondiale de la libert\u00e9 des m\u00e9dias et des pratiques journalistiques a enregistr\u00e9 un d\u00e9clin spectaculaire, atteignant le niveau le plus bas jamais atteint au cours des 25 derni\u00e8res ann\u00e9es, ce qui refl\u00e8te l&rsquo;ampleur des d\u00e9fis auxquels est confront\u00e9 le quatri\u00e8me pouvoir.  <\/p>\n\n<p>Au niveau national, le rapport 2026 a montr\u00e9 une nette d\u00e9t\u00e9rioration de la position de la Tunisie, qui a perdu 8 places pour s&rsquo;\u00e9tablir \u00e0 la 137e place, alors qu&rsquo;elle \u00e9tait 129e dans le classement 2025.   <\/p>\n\n<p>Au niveau r\u00e9gional et arabe, le rapport a observ\u00e9 des baisses variables pour un certain nombre de pays, qui peuvent \u00eatre d\u00e9taill\u00e9es dans les points suivants :  <\/p>\n\n<ul class=\"wp-block-list\">\n<li><strong>Alg\u00e9rie :<\/strong> A connu une baisse significative de la 126\u00e8me \u00e0 la 145\u00e8me place.<\/li>\n\n\n\n<li><strong>\u00c9gypte :<\/strong> A perdu une place par rapport \u00e0 l&rsquo;ann\u00e9e pr\u00e9c\u00e9dente, s&rsquo;\u00e9tablissant \u00e0 la 170e place.<\/li>\n\n\n\n<li><strong>L&rsquo;Arabie saoudite et les \u00c9mirats arabes unis :<\/strong> L&rsquo;Arabie saoudite est tomb\u00e9e \u00e0 la 176e place et les \u00c9mirats arabes unis \u00e0 la 158e. <\/li>\n\n\n\n<li><strong>Le Qatar et le Maroc :<\/strong> Le Qatar \u00e9tait class\u00e9 75e, tandis que le Maroc \u00e9tait class\u00e9 105e au niveau mondial.  <\/li>\n<\/ul>\n\n<p>En ce qui concerne la sc\u00e8ne internationale, les statistiques ont mis en \u00e9vidence des changements importants concernant les principaux pays d\u00e9velopp\u00e9s et les pays en retard de d\u00e9veloppement :  <\/p>\n\n<ul class=\"wp-block-list\">\n<li><strong>Les baisses les plus importantes :<\/strong> Les \u00c9tats-Unis perdent 7 places et se retrouvent au 64e rang mondial, tandis que l&rsquo;Italie passe du 49e au 56e rang. <\/li>\n\n\n\n<li><strong>En t\u00eate du classement :<\/strong> Les pays europ\u00e9ens continuent de dominer, la Norv\u00e8ge, les Pays-Bas, l&rsquo;Estonie, le Danemark et la Su\u00e8de occupant les cinq premi\u00e8res places du classement des meilleurs environnements pour les journalistes.  <\/li>\n\n\n\n<li><strong>Le bas de la liste :<\/strong> La Chine, la Cor\u00e9e du Nord et l&rsquo;\u00c9rythr\u00e9e continuent de figurer en bas du classement mondial, avec les pires scores en mati\u00e8re de restriction de la libert\u00e9 de la presse.   <\/li>\n<\/ul>\n","protected":false},"excerpt":{"rendered":"<p>Dans son rapport annuel sur le Classement mondial de la libert\u00e9 de la presse 2026, Reporters sans fronti\u00e8res (RSF) a r\u00e9v\u00e9l\u00e9 une d\u00e9t\u00e9rioration sans pr\u00e9c\u00e9dent de la r\u00e9alit\u00e9 du journalisme, avec des indicateurs tombant \u00e0 leur plus bas niveau depuis un quart de si\u00e8cle. Le rapport montre que la moyenne mondiale de la libert\u00e9 des [&hellip;]<\/p>\n","protected":false},"author":6,"featured_media":17132,"comment_status":"open","ping_status":"open","sticky":false,"template":"","format":"standard","meta":{"footnotes":""},"categories":[69],"tags":[],"class_list":{"0":"post-17134","1":"post","2":"type-post","3":"status-publish","4":"format-standard","5":"has-post-thumbnail","7":"category-nouvelles-du-monde"},"_links":{"self":[{"href":"https:\/\/live-kora-tv.com\/fr\/wp-json\/wp\/v2\/posts\/17134","targetHints":{"allow":["GET"]}}],"collection":[{"href":"https:\/\/live-kora-tv.com\/fr\/wp-json\/wp\/v2\/posts"}],"about":[{"href":"https:\/\/live-kora-tv.com\/fr\/wp-json\/wp\/v2\/types\/post"}],"author":[{"embeddable":true,"href":"https:\/\/live-kora-tv.com\/fr\/wp-json\/wp\/v2\/users\/6"}],"replies":[{"embeddable":true,"href":"https:\/\/live-kora-tv.com\/fr\/wp-json\/wp\/v2\/comments?post=17134"}],"version-history":[{"count":1,"href":"https:\/\/live-kora-tv.com\/fr\/wp-json\/wp\/v2\/posts\/17134\/revisions"}],"predecessor-version":[{"id":17135,"href":"https:\/\/live-kora-tv.com\/fr\/wp-json\/wp\/v2\/posts\/17134\/revisions\/17135"}],"wp:featuredmedia":[{"embeddable":true,"href":"https:\/\/live-kora-tv.com\/fr\/wp-json\/wp\/v2\/media\/17132"}],"wp:attachment":[{"href":"https:\/\/live-kora-tv.com\/fr\/wp-json\/wp\/v2\/media?parent=17134"}],"wp:term":[{"taxonomy":"category","embeddable":true,"href":"https:\/\/live-kora-tv.com\/fr\/wp-json\/wp\/v2\/categories?post=17134"},{"taxonomy":"post_tag","embeddable":true,"href":"https:\/\/live-kora-tv.com\/fr\/wp-json\/wp\/v2\/tags?post=17134"}],"curies":[{"name":"wp","href":"https:\/\/api.w.org\/{rel}","templated":true}]}}