{"id":17142,"date":"2026-05-01T12:15:43","date_gmt":"2026-05-01T09:15:43","guid":{"rendered":"https:\/\/live-kora-tv.com\/dates-dimposition-pour-mai-2026-votre-guide-des-principales-echeances-fiscales\/"},"modified":"2026-05-01T12:15:46","modified_gmt":"2026-05-01T09:15:46","slug":"dates-dimposition-pour-mai-2026-votre-guide-des-principales-echeances-fiscales","status":"publish","type":"post","link":"https:\/\/live-kora-tv.com\/fr\/dates-dimposition-pour-mai-2026-votre-guide-des-principales-echeances-fiscales\/","title":{"rendered":"Dates d&rsquo;imposition pour mai 2026 : Votre guide des principales \u00e9ch\u00e9ances fiscales"},"content":{"rendered":"\n<p>La Direction g\u00e9n\u00e9rale de la performance du minist\u00e8re des Finances a publi\u00e9 le \u00ab\u00a0Calendrier fiscal\u00a0\u00bb pour le mois de mai 2026. Ce calendrier comprend cinq dates critiques auxquelles les diff\u00e9rentes cat\u00e9gories de contribuables et d&rsquo;assujettis sont tenus de r\u00e9gulariser leur situation juridique et d&rsquo;acquitter les droits dus, qui sont d\u00e9taill\u00e9es comme suit :  <\/p>\n\n<ul class=\"wp-block-list\">\n<li><strong>05 mai :<\/strong> Date limite de paiement de la redevance Golan pour les v\u00e9hicules destin\u00e9s \u00e0 la location ou acquis en cr\u00e9dit-bail. <\/li>\n\n\n\n<li><strong>15 mai :<\/strong> Date limite de d\u00e9p\u00f4t des d\u00e9clarations mensuelles pour les personnes physiques.<\/li>\n\n\n\n<li><strong>20 mai :<\/strong> Date limite de d\u00e9p\u00f4t de la d\u00e9claration mensuelle pour les personnes morales inscrites au syst\u00e8me de d\u00e9claration et d&rsquo;apurement en ligne.<\/li>\n\n\n\n<li><strong>25 mai :<\/strong> Date limite de d\u00e9p\u00f4t de la d\u00e9claration annuelle d&rsquo;imp\u00f4t sur le revenu, y compris pour les travailleurs industriels, les prestataires de services, les ind\u00e9pendants non commerciaux, ainsi que ceux qui demandent une prestation dans le cadre du syst\u00e8me discr\u00e9tionnaire.    <\/li>\n\n\n\n<li><strong>28 mai :<\/strong> Date limite de d\u00e9p\u00f4t de la d\u00e9claration mensuelle pour les personnes morales qui ne sont pas tenues d&rsquo;utiliser le syst\u00e8me \u00e9lectronique de d\u00e9claration et de paiement.<\/li>\n<\/ul>\n\n<p>Dans un contexte connexe, la Direction g\u00e9n\u00e9rale de la performance a apport\u00e9 une pr\u00e9cision importante en indiquant que les dates susmentionn\u00e9es ne sont que le \u00ab\u00a0dernier jour du d\u00e9lai l\u00e9gal\u00a0\u00bb pour le d\u00e9p\u00f4t des d\u00e9clarations fiscales, et ne sont en aucun cas les seuls jours o\u00f9 cette proc\u00e9dure est autoris\u00e9e.   <\/p>\n\n<p>L&rsquo;administration a \u00e9galement lanc\u00e9 un appel clair \u00e0 toutes les personnes concern\u00e9es pour qu&rsquo;elles finalisent leurs d\u00e9clarations fiscales dans les jours pr\u00e9c\u00e9dant les dates limites fix\u00e9es. Cette mesure proactive vise \u00e0 minimiser les files d&rsquo;attente et l&rsquo;engorgement des bureaux fiscaux, ainsi qu&rsquo;\u00e0 prot\u00e9ger le syst\u00e8me central d&rsquo;information contre les dysfonctionnements caus\u00e9s par une pression excessive au cours des derni\u00e8res heures du d\u00e9lai.  <\/p>\n","protected":false},"excerpt":{"rendered":"<p>La Direction g\u00e9n\u00e9rale de la performance du minist\u00e8re des Finances a publi\u00e9 le \u00ab\u00a0Calendrier fiscal\u00a0\u00bb pour le mois de mai 2026. Ce calendrier comprend cinq dates critiques auxquelles les diff\u00e9rentes cat\u00e9gories de contribuables et d&rsquo;assujettis sont tenus de r\u00e9gulariser leur situation juridique et d&rsquo;acquitter les droits dus, qui sont d\u00e9taill\u00e9es comme suit : Dans un [&hellip;]<\/p>\n","protected":false},"author":6,"featured_media":17098,"comment_status":"open","ping_status":"open","sticky":false,"template":"","format":"standard","meta":{"footnotes":""},"categories":[24],"tags":[],"class_list":{"0":"post-17142","1":"post","2":"type-post","3":"status-publish","4":"format-standard","5":"has-post-thumbnail","7":"category-economie-et-affaires"},"_links":{"self":[{"href":"https:\/\/live-kora-tv.com\/fr\/wp-json\/wp\/v2\/posts\/17142","targetHints":{"allow":["GET"]}}],"collection":[{"href":"https:\/\/live-kora-tv.com\/fr\/wp-json\/wp\/v2\/posts"}],"about":[{"href":"https:\/\/live-kora-tv.com\/fr\/wp-json\/wp\/v2\/types\/post"}],"author":[{"embeddable":true,"href":"https:\/\/live-kora-tv.com\/fr\/wp-json\/wp\/v2\/users\/6"}],"replies":[{"embeddable":true,"href":"https:\/\/live-kora-tv.com\/fr\/wp-json\/wp\/v2\/comments?post=17142"}],"version-history":[{"count":1,"href":"https:\/\/live-kora-tv.com\/fr\/wp-json\/wp\/v2\/posts\/17142\/revisions"}],"predecessor-version":[{"id":17143,"href":"https:\/\/live-kora-tv.com\/fr\/wp-json\/wp\/v2\/posts\/17142\/revisions\/17143"}],"wp:featuredmedia":[{"embeddable":true,"href":"https:\/\/live-kora-tv.com\/fr\/wp-json\/wp\/v2\/media\/17098"}],"wp:attachment":[{"href":"https:\/\/live-kora-tv.com\/fr\/wp-json\/wp\/v2\/media?parent=17142"}],"wp:term":[{"taxonomy":"category","embeddable":true,"href":"https:\/\/live-kora-tv.com\/fr\/wp-json\/wp\/v2\/categories?post=17142"},{"taxonomy":"post_tag","embeddable":true,"href":"https:\/\/live-kora-tv.com\/fr\/wp-json\/wp\/v2\/tags?post=17142"}],"curies":[{"name":"wp","href":"https:\/\/api.w.org\/{rel}","templated":true}]}}