{"id":17148,"date":"2026-05-02T09:49:59","date_gmt":"2026-05-02T06:49:59","guid":{"rendered":"https:\/\/live-kora-tv.com\/le-president-de-la-fifa-met-fin-a-la-controverse-et-confirme-que-liran-jouera-ses-matches-de-la-coupe-du-monde-en-amerique\/"},"modified":"2026-05-02T09:50:03","modified_gmt":"2026-05-02T06:50:03","slug":"le-president-de-la-fifa-met-fin-a-la-controverse-et-confirme-que-liran-jouera-ses-matches-de-la-coupe-du-monde-en-amerique","status":"publish","type":"post","link":"https:\/\/live-kora-tv.com\/fr\/le-president-de-la-fifa-met-fin-a-la-controverse-et-confirme-que-liran-jouera-ses-matches-de-la-coupe-du-monde-en-amerique\/","title":{"rendered":"Le pr\u00e9sident de la FIFA met fin \u00e0 la controverse et confirme que l&rsquo;Iran jouera ses matches de la Coupe du monde en Am\u00e9rique"},"content":{"rendered":"\n<p>Le pr\u00e9sident de la FIFA, Gianni Infantino, a pris l&rsquo;engagement le plus d\u00e9finitif \u00e0 ce jour concernant la pr\u00e9sence de l&rsquo;\u00e9quipe nationale iranienne \u00e0 la Coupe du monde de cet \u00e9t\u00e9. Il a confirm\u00e9 que l&rsquo;\u00e9quipe disputerait ses matches de la phase de groupes sur le sol am\u00e9ricain, surmontant ainsi l&rsquo;incertitude caus\u00e9e par les tensions g\u00e9opolitiques et la crise diplomatique li\u00e9e aux refus de visa qui ont assombri la participation de T\u00e9h\u00e9ran au tournoi.    <\/p>\n\n<p>Lors du Congr\u00e8s de la FIFA qui s&rsquo;est tenu jeudi \u00e0 Vancouver, M. Infantino a commenc\u00e9 son discours en s&rsquo;attaquant directement au c\u0153ur de la rumeur concernant le statut de l&rsquo;Iran. Sous les applaudissements des d\u00e9l\u00e9gu\u00e9s pr\u00e9sents, il a d\u00e9clar\u00e9 : \u00ab\u00a0Permettez-moi de commencer par confirmer imm\u00e9diatement, pour ceux qui voudraient dire autre chose ou \u00e9crire autre chose, que l&rsquo;Iran participera bien s\u00fbr \u00e0 la Coupe du Monde de la FIFA 2026.\u00a0\u00bb Il a ajout\u00e9 avec d\u00e9termination : \u00ab\u00a0Et, bien s\u00fbr, l&rsquo;Iran jouera aux \u00c9tats-Unis d&rsquo;Am\u00e9rique.\u00a0\u00bb        <\/p>\n\n<p>Compte tenu du calendrier du tournoi et du parcours de l&rsquo;\u00e9quipe, les \u00e9tapes \u00e0 venir peuvent \u00eatre d\u00e9compos\u00e9es comme suit : <\/p>\n\n<ul class=\"wp-block-list\">\n<li><strong>Le coup d&rsquo;envoi :<\/strong> L&rsquo;\u00e9quipe nationale iranienne entamera sa campagne de Coupe du monde contre la Nouvelle-Z\u00e9lande \u00e0 Los Angeles le 15 juin. <\/li>\n\n\n\n<li><strong>Un choc possible :<\/strong> La possibilit\u00e9 d&rsquo;une confrontation directe entre l&rsquo;Iran et les \u00c9tats-Unis en 32e de finale se pr\u00e9sente si les deux \u00e9quipes parviennent \u00e0 terminer deuxi\u00e8mes (vice-champions) de leurs groupes respectifs, un parcours sportif qui a d\u00e9j\u00e0 d\u00e9clench\u00e9 une vague d&rsquo;analyses et de commentaires politiques.  <\/li>\n<\/ul>\n\n<p>Sur le plan politique, le pr\u00e9sident am\u00e9ricain Donald Trump a d\u00e9j\u00e0 d\u00e9clar\u00e9 qu&rsquo;il serait \u00ab\u00a0inappropri\u00e9\u00a0\u00bb que l&rsquo;Iran participe aux comp\u00e9titions, citant des pr\u00e9occupations pour leurs \u00ab\u00a0vies et leur s\u00e9curit\u00e9\u00a0\u00bb.  <\/p>\n\n<p>Infantino a replac\u00e9 cette d\u00e9cision sportive dans le contexte de la noble mission du football, qui est de rassembler les gens, en concluant : \u00ab\u00a0Il y a suffisamment de probl\u00e8mes dans le monde. Il y a suffisamment de gens qui essaient de diviser le monde. Si personne n&rsquo;essaie de s&rsquo;unir, qu&rsquo;arrivera-t-il \u00e0 notre monde ?<\/p>\n","protected":false},"excerpt":{"rendered":"<p>Le pr\u00e9sident de la FIFA, Gianni Infantino, a pris l&rsquo;engagement le plus d\u00e9finitif \u00e0 ce jour concernant la pr\u00e9sence de l&rsquo;\u00e9quipe nationale iranienne \u00e0 la Coupe du monde de cet \u00e9t\u00e9. Il a confirm\u00e9 que l&rsquo;\u00e9quipe disputerait ses matches de la phase de groupes sur le sol am\u00e9ricain, surmontant ainsi l&rsquo;incertitude caus\u00e9e par les tensions [&hellip;]<\/p>\n","protected":false},"author":6,"featured_media":17138,"comment_status":"open","ping_status":"open","sticky":false,"template":"","format":"standard","meta":{"footnotes":""},"categories":[20],"tags":[],"class_list":{"0":"post-17148","1":"post","2":"type-post","3":"status-publish","4":"format-standard","5":"has-post-thumbnail","7":"category-actualites-sportives"},"_links":{"self":[{"href":"https:\/\/live-kora-tv.com\/fr\/wp-json\/wp\/v2\/posts\/17148","targetHints":{"allow":["GET"]}}],"collection":[{"href":"https:\/\/live-kora-tv.com\/fr\/wp-json\/wp\/v2\/posts"}],"about":[{"href":"https:\/\/live-kora-tv.com\/fr\/wp-json\/wp\/v2\/types\/post"}],"author":[{"embeddable":true,"href":"https:\/\/live-kora-tv.com\/fr\/wp-json\/wp\/v2\/users\/6"}],"replies":[{"embeddable":true,"href":"https:\/\/live-kora-tv.com\/fr\/wp-json\/wp\/v2\/comments?post=17148"}],"version-history":[{"count":1,"href":"https:\/\/live-kora-tv.com\/fr\/wp-json\/wp\/v2\/posts\/17148\/revisions"}],"predecessor-version":[{"id":17149,"href":"https:\/\/live-kora-tv.com\/fr\/wp-json\/wp\/v2\/posts\/17148\/revisions\/17149"}],"wp:featuredmedia":[{"embeddable":true,"href":"https:\/\/live-kora-tv.com\/fr\/wp-json\/wp\/v2\/media\/17138"}],"wp:attachment":[{"href":"https:\/\/live-kora-tv.com\/fr\/wp-json\/wp\/v2\/media?parent=17148"}],"wp:term":[{"taxonomy":"category","embeddable":true,"href":"https:\/\/live-kora-tv.com\/fr\/wp-json\/wp\/v2\/categories?post=17148"},{"taxonomy":"post_tag","embeddable":true,"href":"https:\/\/live-kora-tv.com\/fr\/wp-json\/wp\/v2\/tags?post=17148"}],"curies":[{"name":"wp","href":"https:\/\/api.w.org\/{rel}","templated":true}]}}