{"id":1733,"date":"2024-12-26T17:59:36","date_gmt":"2024-12-26T16:59:36","guid":{"rendered":"https:\/\/live-kora-tv.com\/?p=1733"},"modified":"2024-12-26T18:00:26","modified_gmt":"2024-12-26T17:00:26","slug":"naoures-rouissi-vers-des-jcc-plus-vertes-avec-la-section-green-carthage","status":"publish","type":"post","link":"https:\/\/live-kora-tv.com\/fr\/naoures-rouissi-vers-des-jcc-plus-vertes-avec-la-section-green-carthage\/","title":{"rendered":"Naoures Rouissi : Vers des JCC plus vertes avec la section \u00ab Green Carthage \u00bb"},"content":{"rendered":"\n<p>Lors des <strong>Journ\u00e9es Cin\u00e9matographiques de Carthage (JCC) 2024<\/strong>, une nouvelle initiative \u00e9cologique a vu le jour : la section <strong>\u00ab Green Carthage \u00bb<\/strong>, d\u00e9di\u00e9e aux longs m\u00e9trages ax\u00e9s sur l\u2019environnement et \u00e0 la sensibilisation \u00e9cologique. Cette d\u00e9marche, port\u00e9e par <strong>Naoures Rouissi<\/strong>, fondatrice de cette section et directrice de la programmation des JCC, vise \u00e0 faire de ce festival un \u00e9v\u00e9nement <strong>responsable et engag\u00e9 \u00e9colo<\/strong>.<\/p>\n\n\n\n<h3 class=\"wp-block-heading\">Une premi\u00e8re pour des JCC engag\u00e9es<\/h3>\n\n\n\n<p>Naoures Rouissi explique que <strong>\u00ab Green Carthage \u00bb<\/strong> est un projet pilote, un premier pas vers un festival pens\u00e9 autrement, \u00e0 l\u2019instar des grandes manifestations internationales comme Cannes ou la Berlinale. Elle insiste sur la n\u00e9cessit\u00e9 d\u2019une participation <strong>responsable<\/strong> des festivaliers, avec des mesures comme :<\/p>\n\n\n\n<ul class=\"wp-block-list\">\n<li><strong>R\u00e9duction de l\u2019utilisation de papier.<\/strong><\/li>\n\n\n\n<li><strong>Taxes symboliques<\/strong> sur les tickets pour financer des actions \u00e9cologiques.<\/li>\n\n\n\n<li><strong>Digitalisation accrue.<\/strong><\/li>\n\n\n\n<li><strong>Lutte contre le plastique<\/strong> pendant l\u2019\u00e9v\u00e9nement.<\/li>\n<\/ul>\n\n\n\n<p>Pour l\u2019\u00e9dition 2024, des initiatives concr\u00e8tes ont \u00e9t\u00e9 mises en place, comme l\u2019utilisation de <strong>\u00ab Totebags \u00bb \u00e9cologiques<\/strong> produits par \u00ab Chkarty \u00bb, une enseigne tunisienne sp\u00e9cialis\u00e9e dans le recyclage.<\/p>\n\n\n\n<h3 class=\"wp-block-heading\">Une section sans comp\u00e9tition, mais pleine d\u2019ambitions<\/h3>\n\n\n\n<p>Pour sa premi\u00e8re \u00e9dition, \u00ab Green Carthage \u00bb s\u2019est limit\u00e9e \u00e0 une petite programmation de <strong>cinq films<\/strong>, sans comp\u00e9tition, mais avec des projections suivies de d\u00e9bats. Parmi les films pr\u00e9sent\u00e9s :<\/p>\n\n\n\n<ul class=\"wp-block-list\">\n<li><strong>\u00ab Sh\u2019hili \u00bb<\/strong> de Habib Ayeb (Tunisie).<\/li>\n\n\n\n<li><strong>\u00ab Papillons noirs \u00bb<\/strong> de David Baute (Espagne).<\/li>\n\n\n\n<li><strong>\u00ab Breath \u00bb<\/strong> d\u2019Ilaria Congiu (Italie), qui a suscit\u00e9 un vif d\u00e9bat apr\u00e8s la projection.<\/li>\n<\/ul>\n\n\n\n<p>Selon Rouissi, ces films apportent des <strong>r\u00e9v\u00e9lations chocs<\/strong> sur les enjeux environnementaux et incitent au d\u00e9bat. \u00c0 l\u2019avenir, la section pourrait \u00e9voluer vers une <strong>comp\u00e9tition avec un prix \u00ab Green \u00bb<\/strong>, tout en encourageant une industrie cin\u00e9matographique plus respectueuse de l\u2019environnement.<\/p>\n\n\n\n<h3 class=\"wp-block-heading\">Une prise de conscience tardive mais n\u00e9cessaire<\/h3>\n\n\n\n<p>Interrog\u00e9e sur le d\u00e9lai de mise en \u0153uvre de cette initiative, Rouissi reconna\u00eet que la question \u00e9cologique \u00e9tait soulev\u00e9e depuis longtemps, mais que sa concr\u00e9tisation a \u00e9t\u00e9 lente. Elle insiste sur l\u2019urgence d\u2019adopter des pratiques <strong>orient\u00e9es \u00e9cologie<\/strong>, au vu des <strong>rapports alarmants<\/strong> des ONG et des associations internationales.<\/p>\n\n\n\n<p><em>\u00ab Il \u00e9tait temps que les choses bougent et qu\u2019on adopte des initiatives \u00e9cologiques. La Tunisie doit suivre l\u2019exemple d\u2019autres manifestations internationales engag\u00e9es. \u00bb<\/em><\/p>\n\n\n\n<h3 class=\"wp-block-heading\">Vers des JCC \u00e9coresponsables<\/h3>\n\n\n\n<p>Avec <strong>\u00ab Green Carthage \u00bb<\/strong>, les JCC amorcent une transformation vers un <strong>festival \u00e9coresponsable<\/strong>, cherchant \u00e0 minimiser son impact environnemental tout en sensibilisant les festivaliers. Cette premi\u00e8re \u00e9dition marque le d\u00e9but d\u2019une r\u00e9flexion profonde sur le r\u00f4le des festivals de cin\u00e9ma dans la lutte contre la pollution et le r\u00e9chauffement climatique.<\/p>\n","protected":false},"excerpt":{"rendered":"<p>Lors des Journ\u00e9es Cin\u00e9matographiques de Carthage (JCC) 2024, une nouvelle initiative \u00e9cologique a vu le jour : la section \u00ab Green Carthage \u00bb, d\u00e9di\u00e9e aux longs m\u00e9trages ax\u00e9s sur l\u2019environnement et \u00e0 la sensibilisation \u00e9cologique. Cette d\u00e9marche, port\u00e9e par Naoures Rouissi, fondatrice de cette section et directrice de la programmation des JCC, vise \u00e0 faire [&hellip;]<\/p>\n","protected":false},"author":1,"featured_media":1734,"comment_status":"open","ping_status":"open","sticky":false,"template":"","format":"standard","meta":{"footnotes":""},"categories":[23],"tags":[],"class_list":{"0":"post-1733","1":"post","2":"type-post","3":"status-publish","4":"format-standard","5":"has-post-thumbnail","7":"category-culture-et-societe"},"_links":{"self":[{"href":"https:\/\/live-kora-tv.com\/fr\/wp-json\/wp\/v2\/posts\/1733","targetHints":{"allow":["GET"]}}],"collection":[{"href":"https:\/\/live-kora-tv.com\/fr\/wp-json\/wp\/v2\/posts"}],"about":[{"href":"https:\/\/live-kora-tv.com\/fr\/wp-json\/wp\/v2\/types\/post"}],"author":[{"embeddable":true,"href":"https:\/\/live-kora-tv.com\/fr\/wp-json\/wp\/v2\/users\/1"}],"replies":[{"embeddable":true,"href":"https:\/\/live-kora-tv.com\/fr\/wp-json\/wp\/v2\/comments?post=1733"}],"version-history":[{"count":2,"href":"https:\/\/live-kora-tv.com\/fr\/wp-json\/wp\/v2\/posts\/1733\/revisions"}],"predecessor-version":[{"id":1737,"href":"https:\/\/live-kora-tv.com\/fr\/wp-json\/wp\/v2\/posts\/1733\/revisions\/1737"}],"wp:featuredmedia":[{"embeddable":true,"href":"https:\/\/live-kora-tv.com\/fr\/wp-json\/wp\/v2\/media\/1734"}],"wp:attachment":[{"href":"https:\/\/live-kora-tv.com\/fr\/wp-json\/wp\/v2\/media?parent=1733"}],"wp:term":[{"taxonomy":"category","embeddable":true,"href":"https:\/\/live-kora-tv.com\/fr\/wp-json\/wp\/v2\/categories?post=1733"},{"taxonomy":"post_tag","embeddable":true,"href":"https:\/\/live-kora-tv.com\/fr\/wp-json\/wp\/v2\/tags?post=1733"}],"curies":[{"name":"wp","href":"https:\/\/api.w.org\/{rel}","templated":true}]}}