{"id":1750,"date":"2024-12-27T12:47:04","date_gmt":"2024-12-27T11:47:04","guid":{"rendered":"https:\/\/live-kora-tv.com\/?p=1750"},"modified":"2024-12-27T12:47:05","modified_gmt":"2024-12-27T11:47:05","slug":"les-cueilleuses-de-plantes-aromatiques-en-tunisie-face-aux-defis-du-changement-climatique","status":"publish","type":"post","link":"https:\/\/live-kora-tv.com\/fr\/les-cueilleuses-de-plantes-aromatiques-en-tunisie-face-aux-defis-du-changement-climatique\/","title":{"rendered":"Les cueilleuses de plantes aromatiques en Tunisie face aux d\u00e9fis du changement climatique"},"content":{"rendered":"\n<p>Dans le nord-ouest de la Tunisie, les femmes cueilleuses d\u2019herbes m\u00e9dicinales et aromatiques voient leur quotidien boulevers\u00e9 par les cons\u00e9quences du changement climatique. \u00c0 Tbainia, un village situ\u00e9 pr\u00e8s d\u2019A\u00efn Draham, une coop\u00e9rative locale lutte pour s\u2019adapter \u00e0 l\u2019ass\u00e8chement des sources d\u2019eau et \u00e0 la diminution des ressources naturelles.<\/p>\n\n\n\n<p><strong>Des revenus en chute libre<\/strong><\/p>\n\n\n\n<p>Mabrouka Athimni, 62 ans, dirige la coop\u00e9rative \u00ab Al Baraka \u00bb, cr\u00e9\u00e9e il y a environ deux d\u00e9cennies pour soutenir les familles de la r\u00e9gion. Elle d\u00e9crit une situation alarmante : \u00ab Nos revenus ont \u00e9t\u00e9 r\u00e9duits de moiti\u00e9, parfois d\u2019un tiers. La p\u00e9nurie de pluie, devenue r\u00e9currente, affecte directement notre activit\u00e9 \u00bb, d\u00e9plore-t-elle.<\/p>\n\n\n\n<p>Les cueilleuses, qui r\u00e9coltent traditionnellement du romarin, du thym, de l\u2019eucalyptus ou du lentisque dans les for\u00eats environnantes, utilisent ces plantes pour produire des huiles essentielles et des produits m\u00e9dicinaux. Cependant, le manque d\u2019eau diminue la production d\u2019huiles, fragilisant leur activit\u00e9.<\/p>\n\n\n\n<p><strong>Un contexte de s\u00e9cheresse prolong\u00e9e<\/strong><\/p>\n\n\n\n<p>La Tunisie conna\u00eet sa sixi\u00e8me ann\u00e9e cons\u00e9cutive de s\u00e9cheresse, avec un taux de remplissage des barrages tomb\u00e9 \u00e0 seulement 20 % \u2013 un niveau historiquement bas. Les montagnes, autrefois aliment\u00e9es par les pluies et la neige, souffrent d\u2019une rar\u00e9faction des pr\u00e9cipitations, ce qui impacte directement la v\u00e9g\u00e9tation.<\/p>\n\n\n\n<p>Dans ce contexte difficile, les femmes de Tbainia, qui repr\u00e9sentent une part importante de la main-d\u2019\u0153uvre agricole du pays, ressentent durement les effets des temp\u00e9ratures extr\u00eames, atteignant parfois plus de 50 degr\u00e9s en \u00e9t\u00e9.<\/p>\n\n\n\n<p><strong>Un avenir incertain pour les cueilleuses<\/strong><\/p>\n\n\n\n<p>Mongia Soudani, 58 ans, explique que son travail au sein de la coop\u00e9rative est d\u00e9sormais en p\u00e9ril : \u00ab Avant, je pouvais remplir trois ou quatre sacs d\u2019herbes par jour. Aujourd\u2019hui, si j\u2019en remplis un seul, c\u2019est d\u00e9j\u00e0 beaucoup. \u00bb Avec un taux de pauvret\u00e9 atteignant 26 % dans le village, la r\u00e9colte de plantes reste une activit\u00e9 vitale pour de nombreuses familles.<\/p>\n\n\n\n<p>Les incendies, aggrav\u00e9s par la s\u00e9cheresse et les temp\u00e9ratures \u00e9lev\u00e9es, ont \u00e9galement d\u00e9truit une partie des ressources naturelles. L\u2019\u00e9t\u00e9 dernier, 1 120 hectares de for\u00eat ont \u00e9t\u00e9 ravag\u00e9s par les flammes pr\u00e8s de Tbainia, accentuant encore la crise.<\/p>\n\n\n\n<p><strong>Vers une adaptation n\u00e9cessaire<\/strong><\/p>\n\n\n\n<p>Face \u00e0 ces d\u00e9fis, des formations ont \u00e9t\u00e9 propos\u00e9es par des organismes internationaux comme la FAO pour aider les cueilleuses \u00e0 g\u00e9rer durablement les ressources foresti\u00e8res. N\u00e9anmoins, Mabrouka Athimni souligne les limites de ces initiatives : \u00ab Je ne peux plus r\u00e9pondre \u00e0 toutes les commandes, la r\u00e9colte est insuffisante, et nous perdons des clients. \u00bb<\/p>\n\n\n\n<p><strong>Une mise en \u0153uvre limit\u00e9e des politiques climatiques<\/strong><\/p>\n\n\n\n<p>Malgr\u00e9 la ratification de l\u2019Accord de Paris en 2015, la mise en \u0153uvre des engagements environnementaux de la Tunisie reste incompl\u00e8te, selon une \u00e9tude du Forum tunisien des droits \u00e9conomiques et sociaux (FTDES). L\u2019absence de politiques int\u00e9grant une approche sensible au genre aggrave la situation, les femmes \u00e9tant en premi\u00e8re ligne face aux impacts du changement climatique.<\/p>\n\n\n\n<p>Pour survivre, certaines cueilleuses envisagent de diversifier leurs activit\u00e9s, car d\u00e9pendre uniquement des ressources naturelles semble de moins en moins viable. Bochra Ben Salah, l\u2019une d\u2019entre elles, exprime un sentiment de d\u00e9sarroi : \u00ab Nous n\u2019avons d\u2019autre choix que d\u2019esp\u00e9rer un changement\u2026 ou la cl\u00e9mence de Dieu \u00bb, confie-t-elle en regardant son panier presque vide.<\/p>\n","protected":false},"excerpt":{"rendered":"<p>Dans le nord-ouest de la Tunisie, les femmes cueilleuses d\u2019herbes m\u00e9dicinales et aromatiques voient leur quotidien boulevers\u00e9 par les cons\u00e9quences du changement climatique. \u00c0 Tbainia, un village situ\u00e9 pr\u00e8s d\u2019A\u00efn Draham, une coop\u00e9rative locale lutte pour s\u2019adapter \u00e0 l\u2019ass\u00e8chement des sources d\u2019eau et \u00e0 la diminution des ressources naturelles. Des revenus en chute libre Mabrouka [&hellip;]<\/p>\n","protected":false},"author":1,"featured_media":1751,"comment_status":"open","ping_status":"open","sticky":false,"template":"","format":"standard","meta":{"footnotes":""},"categories":[24],"tags":[],"class_list":{"0":"post-1750","1":"post","2":"type-post","3":"status-publish","4":"format-standard","5":"has-post-thumbnail","7":"category-economie-et-affaires"},"_links":{"self":[{"href":"https:\/\/live-kora-tv.com\/fr\/wp-json\/wp\/v2\/posts\/1750","targetHints":{"allow":["GET"]}}],"collection":[{"href":"https:\/\/live-kora-tv.com\/fr\/wp-json\/wp\/v2\/posts"}],"about":[{"href":"https:\/\/live-kora-tv.com\/fr\/wp-json\/wp\/v2\/types\/post"}],"author":[{"embeddable":true,"href":"https:\/\/live-kora-tv.com\/fr\/wp-json\/wp\/v2\/users\/1"}],"replies":[{"embeddable":true,"href":"https:\/\/live-kora-tv.com\/fr\/wp-json\/wp\/v2\/comments?post=1750"}],"version-history":[{"count":1,"href":"https:\/\/live-kora-tv.com\/fr\/wp-json\/wp\/v2\/posts\/1750\/revisions"}],"predecessor-version":[{"id":1753,"href":"https:\/\/live-kora-tv.com\/fr\/wp-json\/wp\/v2\/posts\/1750\/revisions\/1753"}],"wp:featuredmedia":[{"embeddable":true,"href":"https:\/\/live-kora-tv.com\/fr\/wp-json\/wp\/v2\/media\/1751"}],"wp:attachment":[{"href":"https:\/\/live-kora-tv.com\/fr\/wp-json\/wp\/v2\/media?parent=1750"}],"wp:term":[{"taxonomy":"category","embeddable":true,"href":"https:\/\/live-kora-tv.com\/fr\/wp-json\/wp\/v2\/categories?post=1750"},{"taxonomy":"post_tag","embeddable":true,"href":"https:\/\/live-kora-tv.com\/fr\/wp-json\/wp\/v2\/tags?post=1750"}],"curies":[{"name":"wp","href":"https:\/\/api.w.org\/{rel}","templated":true}]}}