{"id":1770,"date":"2024-12-29T21:11:00","date_gmt":"2024-12-29T20:11:00","guid":{"rendered":"https:\/\/live-kora-tv.com\/?p=1770"},"modified":"2024-12-27T13:13:53","modified_gmt":"2024-12-27T12:13:53","slug":"le-president-allemand-dissout-le-parlement-et-convoque-des-elections-anticipees","status":"publish","type":"post","link":"https:\/\/live-kora-tv.com\/fr\/le-president-allemand-dissout-le-parlement-et-convoque-des-elections-anticipees\/","title":{"rendered":"Le pr\u00e9sident allemand dissout le Parlement et convoque des \u00e9lections anticip\u00e9es"},"content":{"rendered":"\n<p>Le pr\u00e9sident allemand, <strong>Frank-Walter Steinmeier<\/strong>, a annonc\u00e9 ce vendredi 27 d\u00e9cembre 2024 la dissolution officielle du <strong>Parlement<\/strong> et fix\u00e9 la date des <strong>\u00e9lections l\u00e9gislatives anticip\u00e9es<\/strong> au <strong>23 f\u00e9vrier 2025<\/strong>. Cette d\u00e9cision intervient apr\u00e8s l&rsquo;implosion de la coalition gouvernementale men\u00e9e par le chancelier <strong>Olaf Scholz<\/strong>, suivie de son \u00e9chec \u00e0 obtenir un vote de confiance.<\/p>\n\n\n\n<h3 class=\"wp-block-heading\">Une d\u00e9cision pour pr\u00e9server la stabilit\u00e9 politique<\/h3>\n\n\n\n<p>Dans une allocution officielle, le pr\u00e9sident a soulign\u00e9 l&rsquo;importance de la stabilit\u00e9 politique en Allemagne, qu&rsquo;il a qualifi\u00e9e de <strong>\u00ab grand atout \u00bb<\/strong> du pays. Cette dissolution vise \u00e0 r\u00e9pondre \u00e0 une situation politique bloqu\u00e9e et \u00e0 permettre aux \u00e9lecteurs de red\u00e9finir la composition du Parlement.<\/p>\n\n\n\n<p><em>\u00ab La stabilit\u00e9 politique en Allemagne est \u00e0 juste titre un grand atout \u00bb, a d\u00e9clar\u00e9 Frank-Walter Steinmeier.<\/em><\/p>\n\n\n\n<h3 class=\"wp-block-heading\">Les perspectives pour les \u00e9lections<\/h3>\n\n\n\n<p>Selon les <strong>sondages actuels<\/strong>, les \u00e9lections s&rsquo;annoncent particuli\u00e8rement disput\u00e9es, avec :<\/p>\n\n\n\n<ol class=\"wp-block-list\">\n<li><strong>L&rsquo;opposition conservatrice<\/strong> qui part favorite.<\/li>\n\n\n\n<li>Le <strong>parti d&rsquo;extr\u00eame droite AfD<\/strong>, en forte progression.<\/li>\n\n\n\n<li>Le <strong>parti social-d\u00e9mocrate SPD<\/strong> du chancelier sortant Olaf Scholz, qui devra regagner la confiance des \u00e9lecteurs.<\/li>\n<\/ol>\n\n\n\n<p>Ce scrutin marquera une \u00e9tape cruciale pour l&rsquo;avenir politique de l&rsquo;Allemagne, dans un contexte europ\u00e9en et international o\u00f9 le pays joue un r\u00f4le de premier plan.<\/p>\n","protected":false},"excerpt":{"rendered":"<p>Le pr\u00e9sident allemand, Frank-Walter Steinmeier, a annonc\u00e9 ce vendredi 27 d\u00e9cembre 2024 la dissolution officielle du Parlement et fix\u00e9 la date des \u00e9lections l\u00e9gislatives anticip\u00e9es au 23 f\u00e9vrier 2025. Cette d\u00e9cision intervient apr\u00e8s l&rsquo;implosion de la coalition gouvernementale men\u00e9e par le chancelier Olaf Scholz, suivie de son \u00e9chec \u00e0 obtenir un vote de confiance. Une [&hellip;]<\/p>\n","protected":false},"author":1,"featured_media":1769,"comment_status":"open","ping_status":"open","sticky":false,"template":"","format":"standard","meta":{"footnotes":""},"categories":[25],"tags":[],"class_list":{"0":"post-1770","1":"post","2":"type-post","3":"status-publish","4":"format-standard","5":"has-post-thumbnail","7":"category-actualites-politiques"},"_links":{"self":[{"href":"https:\/\/live-kora-tv.com\/fr\/wp-json\/wp\/v2\/posts\/1770","targetHints":{"allow":["GET"]}}],"collection":[{"href":"https:\/\/live-kora-tv.com\/fr\/wp-json\/wp\/v2\/posts"}],"about":[{"href":"https:\/\/live-kora-tv.com\/fr\/wp-json\/wp\/v2\/types\/post"}],"author":[{"embeddable":true,"href":"https:\/\/live-kora-tv.com\/fr\/wp-json\/wp\/v2\/users\/1"}],"replies":[{"embeddable":true,"href":"https:\/\/live-kora-tv.com\/fr\/wp-json\/wp\/v2\/comments?post=1770"}],"version-history":[{"count":1,"href":"https:\/\/live-kora-tv.com\/fr\/wp-json\/wp\/v2\/posts\/1770\/revisions"}],"predecessor-version":[{"id":1771,"href":"https:\/\/live-kora-tv.com\/fr\/wp-json\/wp\/v2\/posts\/1770\/revisions\/1771"}],"wp:featuredmedia":[{"embeddable":true,"href":"https:\/\/live-kora-tv.com\/fr\/wp-json\/wp\/v2\/media\/1769"}],"wp:attachment":[{"href":"https:\/\/live-kora-tv.com\/fr\/wp-json\/wp\/v2\/media?parent=1770"}],"wp:term":[{"taxonomy":"category","embeddable":true,"href":"https:\/\/live-kora-tv.com\/fr\/wp-json\/wp\/v2\/categories?post=1770"},{"taxonomy":"post_tag","embeddable":true,"href":"https:\/\/live-kora-tv.com\/fr\/wp-json\/wp\/v2\/tags?post=1770"}],"curies":[{"name":"wp","href":"https:\/\/api.w.org\/{rel}","templated":true}]}}