{"id":1857,"date":"2025-01-03T13:17:11","date_gmt":"2025-01-03T12:17:11","guid":{"rendered":"https:\/\/live-kora-tv.com\/?p=1857"},"modified":"2025-01-03T13:17:13","modified_gmt":"2025-01-03T12:17:13","slug":"kais-saied-reaffirme-son-engagement-pour-le-renforcement-des-capacites-de-larmee-nationale","status":"publish","type":"post","link":"https:\/\/live-kora-tv.com\/fr\/kais-saied-reaffirme-son-engagement-pour-le-renforcement-des-capacites-de-larmee-nationale\/","title":{"rendered":"Ka\u00efs Sa\u00efed r\u00e9affirme son engagement pour le renforcement des capacit\u00e9s de l&rsquo;arm\u00e9e nationale"},"content":{"rendered":"\n<p>Le pr\u00e9sident de la R\u00e9publique, <strong>Ka\u00efs Sa\u00efed<\/strong>, a re\u00e7u le jeudi 2 janvier 2025, au <strong>Palais de Carthage<\/strong>, le ministre de la D\u00e9fense nationale, <strong>Khaled Shili<\/strong>, comme indiqu\u00e9 dans un communiqu\u00e9 de la pr\u00e9sidence publi\u00e9 dans la nuit du 3 janvier.<\/p>\n\n\n\n<p>Lors de cette rencontre, le pr\u00e9sident a exprim\u00e9 sa <strong>reconnaissance envers les forces militaires tunisiennes<\/strong> pour leur r\u00f4le essentiel dans la d\u00e9fense de la patrie et leur contribution \u00e0 de nombreux projets. Il a salu\u00e9 leur efficacit\u00e9 dans des initiatives diverses, allant de la supervision des \u00e9lections et des examens nationaux au sauvetage et \u00e0 l&rsquo;appui des efforts dans le secteur de la sant\u00e9.<\/p>\n\n\n\n<p>Le pr\u00e9sident a \u00e9galement r\u00e9affirm\u00e9 sa <strong>d\u00e9termination \u00e0 renforcer les capacit\u00e9s de l&rsquo;arm\u00e9e nationale<\/strong>, insistant sur son r\u00f4le strat\u00e9gique pour soutenir les efforts de l&rsquo;\u00c9tat dans divers domaines cl\u00e9s.<\/p>\n","protected":false},"excerpt":{"rendered":"<p>Le pr\u00e9sident de la R\u00e9publique, Ka\u00efs Sa\u00efed, a re\u00e7u le jeudi 2 janvier 2025, au Palais de Carthage, le ministre de la D\u00e9fense nationale, Khaled Shili, comme indiqu\u00e9 dans un communiqu\u00e9 de la pr\u00e9sidence publi\u00e9 dans la nuit du 3 janvier. Lors de cette rencontre, le pr\u00e9sident a exprim\u00e9 sa reconnaissance envers les forces militaires [&hellip;]<\/p>\n","protected":false},"author":1,"featured_media":1858,"comment_status":"open","ping_status":"open","sticky":false,"template":"","format":"standard","meta":{"footnotes":""},"categories":[25],"tags":[],"class_list":{"0":"post-1857","1":"post","2":"type-post","3":"status-publish","4":"format-standard","5":"has-post-thumbnail","7":"category-actualites-politiques"},"_links":{"self":[{"href":"https:\/\/live-kora-tv.com\/fr\/wp-json\/wp\/v2\/posts\/1857","targetHints":{"allow":["GET"]}}],"collection":[{"href":"https:\/\/live-kora-tv.com\/fr\/wp-json\/wp\/v2\/posts"}],"about":[{"href":"https:\/\/live-kora-tv.com\/fr\/wp-json\/wp\/v2\/types\/post"}],"author":[{"embeddable":true,"href":"https:\/\/live-kora-tv.com\/fr\/wp-json\/wp\/v2\/users\/1"}],"replies":[{"embeddable":true,"href":"https:\/\/live-kora-tv.com\/fr\/wp-json\/wp\/v2\/comments?post=1857"}],"version-history":[{"count":1,"href":"https:\/\/live-kora-tv.com\/fr\/wp-json\/wp\/v2\/posts\/1857\/revisions"}],"predecessor-version":[{"id":1860,"href":"https:\/\/live-kora-tv.com\/fr\/wp-json\/wp\/v2\/posts\/1857\/revisions\/1860"}],"wp:featuredmedia":[{"embeddable":true,"href":"https:\/\/live-kora-tv.com\/fr\/wp-json\/wp\/v2\/media\/1858"}],"wp:attachment":[{"href":"https:\/\/live-kora-tv.com\/fr\/wp-json\/wp\/v2\/media?parent=1857"}],"wp:term":[{"taxonomy":"category","embeddable":true,"href":"https:\/\/live-kora-tv.com\/fr\/wp-json\/wp\/v2\/categories?post=1857"},{"taxonomy":"post_tag","embeddable":true,"href":"https:\/\/live-kora-tv.com\/fr\/wp-json\/wp\/v2\/tags?post=1857"}],"curies":[{"name":"wp","href":"https:\/\/api.w.org\/{rel}","templated":true}]}}