{"id":1947,"date":"2025-01-10T08:11:22","date_gmt":"2025-01-10T07:11:22","guid":{"rendered":"https:\/\/live-kora-tv.com\/?p=1947"},"modified":"2025-01-10T08:11:23","modified_gmt":"2025-01-10T07:11:23","slug":"incendies-devastateurs-a-los-angeles-bilan-humain-et-materiel-en-hausse","status":"publish","type":"post","link":"https:\/\/live-kora-tv.com\/fr\/incendies-devastateurs-a-los-angeles-bilan-humain-et-materiel-en-hausse\/","title":{"rendered":"Incendies d\u00e9vastateurs \u00e0 Los Angeles : bilan humain et mat\u00e9riel en hausse"},"content":{"rendered":"\n<p>Les incendies qui ravagent Los Angeles ont atteint un niveau alarmant, causant des pertes humaines et mat\u00e9rielles significatives. Selon les derniers rapports, au moins cinq personnes ont perdu la vie et entre 1000 et 1500 b\u00e2timents, principalement des habitations, ont \u00e9t\u00e9 d\u00e9truits. Ces incendies ont forc\u00e9 l\u2019\u00e9vacuation de plus de 130 000 r\u00e9sidents. Le quartier de Pacific Palisades est l\u2019un des plus touch\u00e9s, avec pr\u00e8s de 7000 hectares de terres r\u00e9duits en cendres.<\/p>\n\n\n\n<p>Les autorit\u00e9s locales craignent que ces incendies ne soient parmi les plus graves de l\u2019histoire de la Californie, en raison de leur intensit\u00e9 et de leur \u00e9tendue. Les efforts pour contenir les flammes se heurtent \u00e0 des vents violents et des conditions climatiques extr\u00eames, compliquant le travail des pompiers.<\/p>\n\n\n\n<p>La situation reste critique, et les autorit\u00e9s appellent les r\u00e9sidents \u00e0 suivre scrupuleusement les consignes d\u2019\u00e9vacuation et de s\u00e9curit\u00e9. Des centres d\u2019accueil et des ressources d\u2019urgence ont \u00e9t\u00e9 d\u00e9ploy\u00e9s pour venir en aide aux sinistr\u00e9s.<\/p>\n\n\n\n<p>La communaut\u00e9 internationale suit de pr\u00e8s cette trag\u00e9die, alors que la Californie fait face \u00e0 un d\u00e9fi environnemental majeur, mettant en lumi\u00e8re l\u2019importance de la pr\u00e9vention des incendies dans un contexte de changement climatique.<\/p>\n\n\n\n<p><\/p>\n","protected":false},"excerpt":{"rendered":"<p>Les incendies qui ravagent Los Angeles ont atteint un niveau alarmant, causant des pertes humaines et mat\u00e9rielles significatives. Selon les derniers rapports, au moins cinq personnes ont perdu la vie et entre 1000 et 1500 b\u00e2timents, principalement des habitations, ont \u00e9t\u00e9 d\u00e9truits. Ces incendies ont forc\u00e9 l\u2019\u00e9vacuation de plus de 130 000 r\u00e9sidents. Le quartier [&hellip;]<\/p>\n","protected":false},"author":1,"featured_media":1948,"comment_status":"open","ping_status":"open","sticky":false,"template":"","format":"standard","meta":{"footnotes":""},"categories":[38],"tags":[],"class_list":{"0":"post-1947","1":"post","2":"type-post","3":"status-publish","4":"format-standard","5":"has-post-thumbnail","7":"category-societe"},"_links":{"self":[{"href":"https:\/\/live-kora-tv.com\/fr\/wp-json\/wp\/v2\/posts\/1947","targetHints":{"allow":["GET"]}}],"collection":[{"href":"https:\/\/live-kora-tv.com\/fr\/wp-json\/wp\/v2\/posts"}],"about":[{"href":"https:\/\/live-kora-tv.com\/fr\/wp-json\/wp\/v2\/types\/post"}],"author":[{"embeddable":true,"href":"https:\/\/live-kora-tv.com\/fr\/wp-json\/wp\/v2\/users\/1"}],"replies":[{"embeddable":true,"href":"https:\/\/live-kora-tv.com\/fr\/wp-json\/wp\/v2\/comments?post=1947"}],"version-history":[{"count":1,"href":"https:\/\/live-kora-tv.com\/fr\/wp-json\/wp\/v2\/posts\/1947\/revisions"}],"predecessor-version":[{"id":1950,"href":"https:\/\/live-kora-tv.com\/fr\/wp-json\/wp\/v2\/posts\/1947\/revisions\/1950"}],"wp:featuredmedia":[{"embeddable":true,"href":"https:\/\/live-kora-tv.com\/fr\/wp-json\/wp\/v2\/media\/1948"}],"wp:attachment":[{"href":"https:\/\/live-kora-tv.com\/fr\/wp-json\/wp\/v2\/media?parent=1947"}],"wp:term":[{"taxonomy":"category","embeddable":true,"href":"https:\/\/live-kora-tv.com\/fr\/wp-json\/wp\/v2\/categories?post=1947"},{"taxonomy":"post_tag","embeddable":true,"href":"https:\/\/live-kora-tv.com\/fr\/wp-json\/wp\/v2\/tags?post=1947"}],"curies":[{"name":"wp","href":"https:\/\/api.w.org\/{rel}","templated":true}]}}