{"id":2092,"date":"2025-01-18T12:14:32","date_gmt":"2025-01-18T11:14:32","guid":{"rendered":"https:\/\/live-kora-tv.com\/?p=2092"},"modified":"2025-01-17T12:17:40","modified_gmt":"2025-01-17T11:17:40","slug":"la-tunisie-et-la-fao-renforcer-la-cooperation-pour-une-securite-alimentaire-mondiale-durable","status":"publish","type":"post","link":"https:\/\/live-kora-tv.com\/fr\/la-tunisie-et-la-fao-renforcer-la-cooperation-pour-une-securite-alimentaire-mondiale-durable\/","title":{"rendered":"La Tunisie et la FAO : Renforcer la coop\u00e9ration pour une s\u00e9curit\u00e9 alimentaire mondiale durable"},"content":{"rendered":"\n<p>Lors de sa visite officielle en Italie les 15 et 16 janvier 2025, le ministre tunisien des Affaires \u00e9trang\u00e8res, Mohamed Ali Nafti, a rencontr\u00e9 <strong>Qu Dongyu<\/strong>, directeur g\u00e9n\u00e9ral de l\u2019Organisation pour l\u2019alimentation et l\u2019agriculture (FAO). Cette r\u00e9union visait \u00e0 discuter de la s\u00e9curit\u00e9 alimentaire mondiale et des d\u00e9fis communs \u00e0 relever.<\/p>\n\n\n\n<h4 class=\"wp-block-heading\">Vers un partenariat renforc\u00e9<\/h4>\n\n\n\n<p>D\u2019apr\u00e8s un communiqu\u00e9 du minist\u00e8re tunisien des Affaires \u00e9trang\u00e8res, Mohamed Ali Nafti a mis en avant l&rsquo;importance historique du partenariat entre la Tunisie et la FAO, initi\u00e9 d\u00e8s les ann\u00e9es 1960. Il a salu\u00e9 le r\u00f4le essentiel de l&rsquo;organisation dans la lutte contre la faim et son engagement en faveur des <strong>Objectifs de D\u00e9veloppement Durable (ODD)<\/strong>.<\/p>\n\n\n\n<p>Le ministre a \u00e9galement exprim\u00e9 la volont\u00e9 de la Tunisie de consolider cette coop\u00e9ration, en insistant sur l\u2019importance d\u2019une approche multilat\u00e9rale pour faire face aux menaces mondiales, notamment :<\/p>\n\n\n\n<ul class=\"wp-block-list\">\n<li>Les changements climatiques.<\/li>\n\n\n\n<li>La rar\u00e9faction des ressources en eau.<\/li>\n\n\n\n<li>Les d\u00e9fis sp\u00e9cifiques \u00e0 la s\u00e9curit\u00e9 alimentaire dans les r\u00e9gions vuln\u00e9rables.<\/li>\n<\/ul>\n\n\n\n<h4 class=\"wp-block-heading\">Contribution de la Tunisie<\/h4>\n\n\n\n<p>M. Nafti a soulign\u00e9 l\u2019expertise agricole tunisienne, notamment dans le domaine de la gestion durable des ressources naturelles et de l\u2019agriculture r\u00e9siliente, qui peut apporter une contribution significative aux missions de la FAO.<\/p>\n\n\n\n<h4 class=\"wp-block-heading\">Les perspectives de la FAO<\/h4>\n\n\n\n<p>De son c\u00f4t\u00e9, <strong>Qu Dongyu<\/strong> a salu\u00e9 les efforts et les r\u00e9alisations de la Tunisie en mati\u00e8re de s\u00e9curit\u00e9 alimentaire. Il a appel\u00e9 \u00e0 intensifier :<\/p>\n\n\n\n<ul class=\"wp-block-list\">\n<li>L\u2019adoption de pratiques agricoles durables.<\/li>\n\n\n\n<li>La recherche scientifique pour relever les d\u00e9fis climatiques et alimentaires.<\/li>\n<\/ul>\n\n\n\n<p>Le directeur g\u00e9n\u00e9ral a \u00e9galement exprim\u00e9 son souhait de voir la Tunisie jouer un r\u00f4le plus actif dans les initiatives r\u00e9gionales et mondiales soutenues par la FAO.<\/p>\n\n\n\n<h4 class=\"wp-block-heading\">Une coop\u00e9ration pour l\u2019avenir<\/h4>\n\n\n\n<p>Cette rencontre souligne l\u2019importance des efforts conjoints entre la Tunisie et la FAO pour promouvoir la s\u00e9curit\u00e9 alimentaire mondiale. En favorisant l&rsquo;innovation et des politiques inclusives, ce partenariat aspire \u00e0 garantir un avenir plus durable pour les g\u00e9n\u00e9rations futures.<\/p>\n","protected":false},"excerpt":{"rendered":"<p>Lors de sa visite officielle en Italie les 15 et 16 janvier 2025, le ministre tunisien des Affaires \u00e9trang\u00e8res, Mohamed Ali Nafti, a rencontr\u00e9 Qu Dongyu, directeur g\u00e9n\u00e9ral de l\u2019Organisation pour l\u2019alimentation et l\u2019agriculture (FAO). Cette r\u00e9union visait \u00e0 discuter de la s\u00e9curit\u00e9 alimentaire mondiale et des d\u00e9fis communs \u00e0 relever. Vers un partenariat renforc\u00e9 [&hellip;]<\/p>\n","protected":false},"author":1,"featured_media":2093,"comment_status":"open","ping_status":"open","sticky":false,"template":"","format":"standard","meta":{"footnotes":""},"categories":[25],"tags":[],"class_list":{"0":"post-2092","1":"post","2":"type-post","3":"status-publish","4":"format-standard","5":"has-post-thumbnail","7":"category-actualites-politiques"},"_links":{"self":[{"href":"https:\/\/live-kora-tv.com\/fr\/wp-json\/wp\/v2\/posts\/2092","targetHints":{"allow":["GET"]}}],"collection":[{"href":"https:\/\/live-kora-tv.com\/fr\/wp-json\/wp\/v2\/posts"}],"about":[{"href":"https:\/\/live-kora-tv.com\/fr\/wp-json\/wp\/v2\/types\/post"}],"author":[{"embeddable":true,"href":"https:\/\/live-kora-tv.com\/fr\/wp-json\/wp\/v2\/users\/1"}],"replies":[{"embeddable":true,"href":"https:\/\/live-kora-tv.com\/fr\/wp-json\/wp\/v2\/comments?post=2092"}],"version-history":[{"count":1,"href":"https:\/\/live-kora-tv.com\/fr\/wp-json\/wp\/v2\/posts\/2092\/revisions"}],"predecessor-version":[{"id":2095,"href":"https:\/\/live-kora-tv.com\/fr\/wp-json\/wp\/v2\/posts\/2092\/revisions\/2095"}],"wp:featuredmedia":[{"embeddable":true,"href":"https:\/\/live-kora-tv.com\/fr\/wp-json\/wp\/v2\/media\/2093"}],"wp:attachment":[{"href":"https:\/\/live-kora-tv.com\/fr\/wp-json\/wp\/v2\/media?parent=2092"}],"wp:term":[{"taxonomy":"category","embeddable":true,"href":"https:\/\/live-kora-tv.com\/fr\/wp-json\/wp\/v2\/categories?post=2092"},{"taxonomy":"post_tag","embeddable":true,"href":"https:\/\/live-kora-tv.com\/fr\/wp-json\/wp\/v2\/tags?post=2092"}],"curies":[{"name":"wp","href":"https:\/\/api.w.org\/{rel}","templated":true}]}}