{"id":2378,"date":"2025-01-24T11:45:51","date_gmt":"2025-01-24T10:45:51","guid":{"rendered":"https:\/\/live-kora-tv.com\/?p=2378"},"modified":"2025-01-24T11:45:54","modified_gmt":"2025-01-24T10:45:54","slug":"saisie-dune-tonne-de-poissons-et-fruits-de-mer-avaries-a-sousse","status":"publish","type":"post","link":"https:\/\/live-kora-tv.com\/fr\/saisie-dune-tonne-de-poissons-et-fruits-de-mer-avaries-a-sousse\/","title":{"rendered":"Saisie d\u2019une tonne de poissons et fruits de mer avari\u00e9s \u00e0 Sousse"},"content":{"rendered":"\n<p>Dans le cadre de ses efforts pour prot\u00e9ger la sant\u00e9 publique et garantir la qualit\u00e9 des produits alimentaires, les unit\u00e9s de la Garde maritime de Sousse, sous la supervision du district maritime du Sahel, ont saisi une tonne de poissons et de fruits de mer impropres \u00e0 la consommation. Cette op\u00e9ration a \u00e9t\u00e9 men\u00e9e en collaboration avec les autorit\u00e9s comp\u00e9tentes.<\/p>\n\n\n\n<h4 class=\"wp-block-heading\"><strong>Des produits non conformes aux normes<\/strong><\/h4>\n\n\n\n<p>Apr\u00e8s inspection, il a \u00e9t\u00e9 confirm\u00e9 que les produits saisis ne r\u00e9pondaient pas aux normes sanitaires en vigueur. Suite \u00e0 cette constatation, le minist\u00e8re public a ordonn\u00e9 la destruction imm\u00e9diate et totale de la cargaison. Cette proc\u00e9dure a \u00e9t\u00e9 r\u00e9alis\u00e9e en pr\u00e9sence de sp\u00e9cialistes, conform\u00e9ment aux r\u00e9glementations l\u00e9gales en vigueur.<\/p>\n\n\n\n<h4 class=\"wp-block-heading\"><strong>Un appel \u00e0 la vigilance<\/strong><\/h4>\n\n\n\n<p>La direction g\u00e9n\u00e9rale de la Garde nationale a r\u00e9affirm\u00e9 son engagement \u00e0 poursuivre ses campagnes de contr\u00f4le afin de lutter contre la vente de produits alimentaires non conformes. Elle encourage \u00e9galement les citoyens \u00e0 signaler tout comportement mettant en danger la sant\u00e9 publique en contactant le num\u00e9ro de t\u00e9l\u00e9phone suivant : <strong>71860135<\/strong>.<\/p>\n\n\n\n<p>Cette saisie refl\u00e8te l&rsquo;importance de la vigilance et de la coop\u00e9ration entre les autorit\u00e9s et la population pour garantir la s\u00e9curit\u00e9 alimentaire et pr\u00e9server la sant\u00e9 des Tunisiens.<\/p>\n","protected":false},"excerpt":{"rendered":"<p>Dans le cadre de ses efforts pour prot\u00e9ger la sant\u00e9 publique et garantir la qualit\u00e9 des produits alimentaires, les unit\u00e9s de la Garde maritime de Sousse, sous la supervision du district maritime du Sahel, ont saisi une tonne de poissons et de fruits de mer impropres \u00e0 la consommation. Cette op\u00e9ration a \u00e9t\u00e9 men\u00e9e en [&hellip;]<\/p>\n","protected":false},"author":1,"featured_media":2379,"comment_status":"open","ping_status":"open","sticky":false,"template":"","format":"standard","meta":{"footnotes":""},"categories":[26],"tags":[],"class_list":{"0":"post-2378","1":"post","2":"type-post","3":"status-publish","4":"format-standard","5":"has-post-thumbnail","7":"category-sante"},"_links":{"self":[{"href":"https:\/\/live-kora-tv.com\/fr\/wp-json\/wp\/v2\/posts\/2378","targetHints":{"allow":["GET"]}}],"collection":[{"href":"https:\/\/live-kora-tv.com\/fr\/wp-json\/wp\/v2\/posts"}],"about":[{"href":"https:\/\/live-kora-tv.com\/fr\/wp-json\/wp\/v2\/types\/post"}],"author":[{"embeddable":true,"href":"https:\/\/live-kora-tv.com\/fr\/wp-json\/wp\/v2\/users\/1"}],"replies":[{"embeddable":true,"href":"https:\/\/live-kora-tv.com\/fr\/wp-json\/wp\/v2\/comments?post=2378"}],"version-history":[{"count":1,"href":"https:\/\/live-kora-tv.com\/fr\/wp-json\/wp\/v2\/posts\/2378\/revisions"}],"predecessor-version":[{"id":2381,"href":"https:\/\/live-kora-tv.com\/fr\/wp-json\/wp\/v2\/posts\/2378\/revisions\/2381"}],"wp:featuredmedia":[{"embeddable":true,"href":"https:\/\/live-kora-tv.com\/fr\/wp-json\/wp\/v2\/media\/2379"}],"wp:attachment":[{"href":"https:\/\/live-kora-tv.com\/fr\/wp-json\/wp\/v2\/media?parent=2378"}],"wp:term":[{"taxonomy":"category","embeddable":true,"href":"https:\/\/live-kora-tv.com\/fr\/wp-json\/wp\/v2\/categories?post=2378"},{"taxonomy":"post_tag","embeddable":true,"href":"https:\/\/live-kora-tv.com\/fr\/wp-json\/wp\/v2\/tags?post=2378"}],"curies":[{"name":"wp","href":"https:\/\/api.w.org\/{rel}","templated":true}]}}