{"id":2382,"date":"2025-01-24T11:48:20","date_gmt":"2025-01-24T10:48:20","guid":{"rendered":"https:\/\/live-kora-tv.com\/?p=2382"},"modified":"2025-01-24T11:48:22","modified_gmt":"2025-01-24T10:48:22","slug":"hommage-a-la-musique-francaise-au-centre-culturel-del-menzah-6","status":"publish","type":"post","link":"https:\/\/live-kora-tv.com\/fr\/hommage-a-la-musique-francaise-au-centre-culturel-del-menzah-6\/","title":{"rendered":"Hommage \u00e0 la musique fran\u00e7aise au Centre culturel d\u2019El Menzah 6"},"content":{"rendered":"\n<p>Le Centre culturel et sportif de la jeunesse d\u2019El Menzah 6 accueillera un concert exceptionnel le <strong>25 janvier<\/strong>, d\u00e9di\u00e9 aux grandes figures de la musique fran\u00e7aise. Cet \u00e9v\u00e9nement rend hommage aux l\u00e9gendaires <strong>\u00c9dith Piaf<\/strong>, <strong>Charles Aznavour<\/strong>, <strong>Jacques Brel<\/strong>, et <strong>Dalida<\/strong>, figures embl\u00e9matiques de la chanson fran\u00e7aise.<\/p>\n\n\n\n<h4 class=\"wp-block-heading\"><strong>Une soir\u00e9e port\u00e9e par des artistes talentueux<\/strong><\/h4>\n\n\n\n<p>L\u2019artiste <strong>Jihed Jbara<\/strong>, accompagn\u00e9 de <strong>Nicolas Liliu<\/strong> et <strong>Zaineb Ch\u00e9rif<\/strong>, offrira une interpr\u00e9tation des plus grands classiques de ces ic\u00f4nes musicales. Leur performance vise \u00e0 recr\u00e9er l\u2019\u00e9motion et la magie des \u0153uvres qui ont marqu\u00e9 l\u2019histoire de la musique fran\u00e7aise.<\/p>\n\n\n\n<h4 class=\"wp-block-heading\"><strong>Un concept unique c\u00e9l\u00e9brant la culture musicale fran\u00e7aise<\/strong><\/h4>\n\n\n\n<p>Les organisateurs promettent une soir\u00e9e immersive, con\u00e7ue pour ravir les amateurs de chansons intemporelles. Ce concert se veut un v\u00e9ritable voyage \u00e0 travers les \u00e9poques, c\u00e9l\u00e9brant la richesse, la diversit\u00e9 et l\u2019\u00e9nergie de la chanson fran\u00e7aise.<\/p>\n\n\n\n<h3 class=\"wp-block-heading\"><strong>Ne manquez pas cette soir\u00e9e musicale unique !<\/strong><\/h3>\n\n\n\n<p>Ce rendez-vous s\u2019adresse aux nostalgiques des grands classiques, mais \u00e9galement \u00e0 tous ceux qui souhaitent d\u00e9couvrir ou red\u00e9couvrir les chefs-d\u2019\u0153uvre de la musique fran\u00e7aise dans une ambiance chaleureuse et inspirante.<\/p>\n","protected":false},"excerpt":{"rendered":"<p>Le Centre culturel et sportif de la jeunesse d\u2019El Menzah 6 accueillera un concert exceptionnel le 25 janvier, d\u00e9di\u00e9 aux grandes figures de la musique fran\u00e7aise. Cet \u00e9v\u00e9nement rend hommage aux l\u00e9gendaires \u00c9dith Piaf, Charles Aznavour, Jacques Brel, et Dalida, figures embl\u00e9matiques de la chanson fran\u00e7aise. Une soir\u00e9e port\u00e9e par des artistes talentueux L\u2019artiste Jihed [&hellip;]<\/p>\n","protected":false},"author":1,"featured_media":2383,"comment_status":"open","ping_status":"open","sticky":false,"template":"","format":"standard","meta":{"footnotes":""},"categories":[23],"tags":[],"class_list":{"0":"post-2382","1":"post","2":"type-post","3":"status-publish","4":"format-standard","5":"has-post-thumbnail","7":"category-culture-et-societe"},"_links":{"self":[{"href":"https:\/\/live-kora-tv.com\/fr\/wp-json\/wp\/v2\/posts\/2382","targetHints":{"allow":["GET"]}}],"collection":[{"href":"https:\/\/live-kora-tv.com\/fr\/wp-json\/wp\/v2\/posts"}],"about":[{"href":"https:\/\/live-kora-tv.com\/fr\/wp-json\/wp\/v2\/types\/post"}],"author":[{"embeddable":true,"href":"https:\/\/live-kora-tv.com\/fr\/wp-json\/wp\/v2\/users\/1"}],"replies":[{"embeddable":true,"href":"https:\/\/live-kora-tv.com\/fr\/wp-json\/wp\/v2\/comments?post=2382"}],"version-history":[{"count":1,"href":"https:\/\/live-kora-tv.com\/fr\/wp-json\/wp\/v2\/posts\/2382\/revisions"}],"predecessor-version":[{"id":2385,"href":"https:\/\/live-kora-tv.com\/fr\/wp-json\/wp\/v2\/posts\/2382\/revisions\/2385"}],"wp:featuredmedia":[{"embeddable":true,"href":"https:\/\/live-kora-tv.com\/fr\/wp-json\/wp\/v2\/media\/2383"}],"wp:attachment":[{"href":"https:\/\/live-kora-tv.com\/fr\/wp-json\/wp\/v2\/media?parent=2382"}],"wp:term":[{"taxonomy":"category","embeddable":true,"href":"https:\/\/live-kora-tv.com\/fr\/wp-json\/wp\/v2\/categories?post=2382"},{"taxonomy":"post_tag","embeddable":true,"href":"https:\/\/live-kora-tv.com\/fr\/wp-json\/wp\/v2\/tags?post=2382"}],"curies":[{"name":"wp","href":"https:\/\/api.w.org\/{rel}","templated":true}]}}