{"id":2439,"date":"2025-01-27T08:35:01","date_gmt":"2025-01-27T07:35:01","guid":{"rendered":"https:\/\/live-kora-tv.com\/?p=2439"},"modified":"2025-01-27T08:35:03","modified_gmt":"2025-01-27T07:35:03","slug":"deces-de-taoufik-besbes-hommage-a-une-figure-emblematique-de-la-culture-tunisienne","status":"publish","type":"post","link":"https:\/\/live-kora-tv.com\/fr\/deces-de-taoufik-besbes-hommage-a-une-figure-emblematique-de-la-culture-tunisienne\/","title":{"rendered":"D\u00e9c\u00e8s de Taoufik Besbes : Hommage \u00e0 une figure embl\u00e9matique de la culture tunisienne"},"content":{"rendered":"\n<p>Le <strong>minist\u00e8re des Affaires culturelles<\/strong> a exprim\u00e9, samedi 25 janvier 2025, sa profonde tristesse \u00e0 l\u2019annonce du d\u00e9c\u00e8s de <strong>Taoufik Besbes<\/strong>, une personnalit\u00e9 marquante du monde de la culture et de l\u2019art en Tunisie.<\/p>\n\n\n\n<p>Dans un communiqu\u00e9, le minist\u00e8re a pr\u00e9sent\u00e9 ses <strong>sinc\u00e8res condol\u00e9ances<\/strong> \u00e0 la famille et aux proches de l\u2019artiste, saluant son immense contribution \u00e0 la sc\u00e8ne culturelle tunisienne.<\/p>\n\n\n\n<h3 class=\"wp-block-heading\">Un parcours exceptionnel<\/h3>\n\n\n\n<p>N\u00e9 en <strong>1931 \u00e0 Monastir<\/strong>, Taoufik Besbes a commenc\u00e9 sa carri\u00e8re \u00e0 la <strong>t\u00e9l\u00e9vision tunisienne<\/strong> avant de se former \u00e0 la r\u00e9alisation de films documentaires en France. Son parcours a \u00e9t\u00e9 marqu\u00e9 par des postes de grande envergure :<\/p>\n\n\n\n<ul class=\"wp-block-list\">\n<li><strong>Directeur du Festival international de Carthage<\/strong><\/li>\n\n\n\n<li><strong>Directeur du Festival international de Hammamet<\/strong><\/li>\n\n\n\n<li><strong>Responsable des Journ\u00e9es cin\u00e9matographiques de Carthage (JCC)<\/strong><\/li>\n<\/ul>\n\n\n\n<p>Taoufik Besbes a jou\u00e9 un r\u00f4le cl\u00e9 dans la promotion et le d\u00e9veloppement de l\u2019art et de la culture en Tunisie, s\u2019imposant comme un pilier incontournable du paysage culturel national.<\/p>\n\n\n\n<h3 class=\"wp-block-heading\">Une perte pour la Tunisie<\/h3>\n\n\n\n<p>Le d\u00e9c\u00e8s de Taoufik Besbes marque une grande perte pour le monde culturel tunisien. Son d\u00e9vouement \u00e0 l\u2019art, son travail acharn\u00e9 pour faire rayonner les festivals et ses productions documentaires resteront grav\u00e9s dans les m\u00e9moires.<\/p>\n\n\n\n<p><strong>Paix \u00e0 son \u00e2me.<\/strong><\/p>\n","protected":false},"excerpt":{"rendered":"<p>Le minist\u00e8re des Affaires culturelles a exprim\u00e9, samedi 25 janvier 2025, sa profonde tristesse \u00e0 l\u2019annonce du d\u00e9c\u00e8s de Taoufik Besbes, une personnalit\u00e9 marquante du monde de la culture et de l\u2019art en Tunisie. Dans un communiqu\u00e9, le minist\u00e8re a pr\u00e9sent\u00e9 ses sinc\u00e8res condol\u00e9ances \u00e0 la famille et aux proches de l\u2019artiste, saluant son immense [&hellip;]<\/p>\n","protected":false},"author":1,"featured_media":2440,"comment_status":"open","ping_status":"open","sticky":false,"template":"","format":"standard","meta":{"footnotes":""},"categories":[23,20],"tags":[],"class_list":{"0":"post-2439","1":"post","2":"type-post","3":"status-publish","4":"format-standard","5":"has-post-thumbnail","7":"category-culture-et-societe","8":"category-actualites-sportives"},"_links":{"self":[{"href":"https:\/\/live-kora-tv.com\/fr\/wp-json\/wp\/v2\/posts\/2439","targetHints":{"allow":["GET"]}}],"collection":[{"href":"https:\/\/live-kora-tv.com\/fr\/wp-json\/wp\/v2\/posts"}],"about":[{"href":"https:\/\/live-kora-tv.com\/fr\/wp-json\/wp\/v2\/types\/post"}],"author":[{"embeddable":true,"href":"https:\/\/live-kora-tv.com\/fr\/wp-json\/wp\/v2\/users\/1"}],"replies":[{"embeddable":true,"href":"https:\/\/live-kora-tv.com\/fr\/wp-json\/wp\/v2\/comments?post=2439"}],"version-history":[{"count":1,"href":"https:\/\/live-kora-tv.com\/fr\/wp-json\/wp\/v2\/posts\/2439\/revisions"}],"predecessor-version":[{"id":2442,"href":"https:\/\/live-kora-tv.com\/fr\/wp-json\/wp\/v2\/posts\/2439\/revisions\/2442"}],"wp:featuredmedia":[{"embeddable":true,"href":"https:\/\/live-kora-tv.com\/fr\/wp-json\/wp\/v2\/media\/2440"}],"wp:attachment":[{"href":"https:\/\/live-kora-tv.com\/fr\/wp-json\/wp\/v2\/media?parent=2439"}],"wp:term":[{"taxonomy":"category","embeddable":true,"href":"https:\/\/live-kora-tv.com\/fr\/wp-json\/wp\/v2\/categories?post=2439"},{"taxonomy":"post_tag","embeddable":true,"href":"https:\/\/live-kora-tv.com\/fr\/wp-json\/wp\/v2\/tags?post=2439"}],"curies":[{"name":"wp","href":"https:\/\/api.w.org\/{rel}","templated":true}]}}