{"id":2589,"date":"2025-02-02T10:30:48","date_gmt":"2025-02-02T09:30:48","guid":{"rendered":"https:\/\/live-kora-tv.com\/?p=2589"},"modified":"2025-01-31T10:33:28","modified_gmt":"2025-01-31T09:33:28","slug":"tunisie-une-premiere-ablation-endoscopique-dune-tumeur-cardiaque-reussie","status":"publish","type":"post","link":"https:\/\/live-kora-tv.com\/fr\/tunisie-une-premiere-ablation-endoscopique-dune-tumeur-cardiaque-reussie\/","title":{"rendered":"Tunisie : Une premi\u00e8re ablation endoscopique d\u2019une tumeur cardiaque r\u00e9ussie"},"content":{"rendered":"\n<p>Une avanc\u00e9e m\u00e9dicale majeure a \u00e9t\u00e9 r\u00e9alis\u00e9e en Tunisie et au Maghreb. Pour la premi\u00e8re fois, une \u00e9quipe de chirurgie cardiaque et vasculaire de l\u2019h\u00f4pital universitaire Habib Bourguiba \u00e0 Sfax a effectu\u00e9 l\u2019ablation endoscopique d\u2019une tumeur b\u00e9nigne situ\u00e9e dans l\u2019oreillette gauche du c\u0153ur, \u00e0 travers une petite incision lat\u00e9rale.<\/p>\n\n\n\n<h3 class=\"wp-block-heading\"><strong>Une prouesse chirurgicale in\u00e9dite<\/strong><\/h3>\n\n\n\n<p>L\u2019intervention, men\u00e9e le <strong>29 janvier 2025<\/strong>, a \u00e9t\u00e9 r\u00e9alis\u00e9e sous la direction des <strong>professeurs Imed Frikha et Abdel Salam Hentati<\/strong>. Le patient, <strong>\u00e2g\u00e9 de 76 ans<\/strong>, a b\u00e9n\u00e9fici\u00e9 de cette technique innovante, appel\u00e9e <strong>\u00ab\u00a0voie trans-axillaire\u00a0\u00bb<\/strong>, qui offre plusieurs avantages par rapport \u00e0 la chirurgie cardiaque traditionnelle :<\/p>\n\n\n\n<ul class=\"wp-block-list\">\n<li><strong>Moins de douleur post-op\u00e9ratoire<\/strong><\/li>\n\n\n\n<li><strong>R\u00e9duction des risques de complications<\/strong><\/li>\n\n\n\n<li><strong>R\u00e9tablissement plus rapide<\/strong><\/li>\n\n\n\n<li><strong>Meilleur r\u00e9sultat esth\u00e9tique<\/strong><\/li>\n<\/ul>\n\n\n\n<h3 class=\"wp-block-heading\"><strong>Une avanc\u00e9e qui place la Tunisie en leader r\u00e9gional<\/strong><\/h3>\n\n\n\n<p>Selon un communiqu\u00e9 du minist\u00e8re de la Sant\u00e9, cette r\u00e9ussite t\u00e9moigne des comp\u00e9tences m\u00e9dicales de pointe en Tunisie et du progr\u00e8s constant dans le domaine de la chirurgie cardiaque. Elle confirme \u00e9galement le potentiel du pays \u00e0 devenir une destination m\u00e9dicale de r\u00e9f\u00e9rence en Afrique et au Maghreb.<\/p>\n\n\n\n<p>Le patient a quitt\u00e9 l\u2019h\u00f4pital en bonne sant\u00e9 et en \u00e9tat stable, marquant une nouvelle \u00e8re pour les traitements cardiaques en Tunisie.<\/p>\n","protected":false},"excerpt":{"rendered":"<p>Une avanc\u00e9e m\u00e9dicale majeure a \u00e9t\u00e9 r\u00e9alis\u00e9e en Tunisie et au Maghreb. Pour la premi\u00e8re fois, une \u00e9quipe de chirurgie cardiaque et vasculaire de l\u2019h\u00f4pital universitaire Habib Bourguiba \u00e0 Sfax a effectu\u00e9 l\u2019ablation endoscopique d\u2019une tumeur b\u00e9nigne situ\u00e9e dans l\u2019oreillette gauche du c\u0153ur, \u00e0 travers une petite incision lat\u00e9rale. Une prouesse chirurgicale in\u00e9dite L\u2019intervention, men\u00e9e [&hellip;]<\/p>\n","protected":false},"author":1,"featured_media":2590,"comment_status":"open","ping_status":"open","sticky":false,"template":"","format":"standard","meta":{"footnotes":""},"categories":[26],"tags":[],"class_list":{"0":"post-2589","1":"post","2":"type-post","3":"status-publish","4":"format-standard","5":"has-post-thumbnail","7":"category-sante"},"_links":{"self":[{"href":"https:\/\/live-kora-tv.com\/fr\/wp-json\/wp\/v2\/posts\/2589","targetHints":{"allow":["GET"]}}],"collection":[{"href":"https:\/\/live-kora-tv.com\/fr\/wp-json\/wp\/v2\/posts"}],"about":[{"href":"https:\/\/live-kora-tv.com\/fr\/wp-json\/wp\/v2\/types\/post"}],"author":[{"embeddable":true,"href":"https:\/\/live-kora-tv.com\/fr\/wp-json\/wp\/v2\/users\/1"}],"replies":[{"embeddable":true,"href":"https:\/\/live-kora-tv.com\/fr\/wp-json\/wp\/v2\/comments?post=2589"}],"version-history":[{"count":1,"href":"https:\/\/live-kora-tv.com\/fr\/wp-json\/wp\/v2\/posts\/2589\/revisions"}],"predecessor-version":[{"id":2592,"href":"https:\/\/live-kora-tv.com\/fr\/wp-json\/wp\/v2\/posts\/2589\/revisions\/2592"}],"wp:featuredmedia":[{"embeddable":true,"href":"https:\/\/live-kora-tv.com\/fr\/wp-json\/wp\/v2\/media\/2590"}],"wp:attachment":[{"href":"https:\/\/live-kora-tv.com\/fr\/wp-json\/wp\/v2\/media?parent=2589"}],"wp:term":[{"taxonomy":"category","embeddable":true,"href":"https:\/\/live-kora-tv.com\/fr\/wp-json\/wp\/v2\/categories?post=2589"},{"taxonomy":"post_tag","embeddable":true,"href":"https:\/\/live-kora-tv.com\/fr\/wp-json\/wp\/v2\/tags?post=2589"}],"curies":[{"name":"wp","href":"https:\/\/api.w.org\/{rel}","templated":true}]}}