{"id":2629,"date":"2025-02-04T07:55:50","date_gmt":"2025-02-04T06:55:50","guid":{"rendered":"https:\/\/live-kora-tv.com\/?p=2629"},"modified":"2025-02-04T07:55:56","modified_gmt":"2025-02-04T06:55:56","slug":"polemique-autour-de-la-video-du-secretaire-detat-britannique-sur-la-migration","status":"publish","type":"post","link":"https:\/\/live-kora-tv.com\/fr\/polemique-autour-de-la-video-du-secretaire-detat-britannique-sur-la-migration\/","title":{"rendered":"Pol\u00e9mique autour de la vid\u00e9o du secr\u00e9taire d&rsquo;\u00c9tat britannique sur la migration"},"content":{"rendered":"\n<p>La r\u00e9cente visite du secr\u00e9taire d&rsquo;\u00c9tat britannique aux Affaires \u00e9trang\u00e8res, David Lammy, en Tunisie a provoqu\u00e9 une vague de r\u00e9actions indign\u00e9es apr\u00e8s la publication d\u2019une vid\u00e9o r\u00e9capitulative par son d\u00e9partement. Ce contenu, mettant en avant l\u2019aide financi\u00e8re accord\u00e9e \u00e0 la Tunisie pour renforcer la surveillance des fronti\u00e8res maritimes, a \u00e9t\u00e9 per\u00e7u par de nombreux Tunisiens comme une atteinte \u00e0 la souverainet\u00e9 nationale.<\/p>\n\n\n\n<h3 class=\"wp-block-heading\"><strong>Un r\u00f4le de \u00ab garde-c\u00f4tes europ\u00e9ens \u00bb contest\u00e9<\/strong><\/h3>\n\n\n\n<p>Les critiques ont fus\u00e9 sur les r\u00e9seaux sociaux, o\u00f9 plusieurs internautes ont d\u00e9nonc\u00e9 une acceptation passive de la part des autorit\u00e9s tunisiennes, les accusant de se soumettre \u00e0 des int\u00e9r\u00eats europ\u00e9ens en \u00e9change d\u2019un soutien financier jug\u00e9 n\u00e9gligeable. Certains commentaires ont exprim\u00e9 la crainte que la Tunisie ne soit r\u00e9duite au r\u00f4le de gardien des fronti\u00e8res europ\u00e9ennes au d\u00e9triment de sa propre ind\u00e9pendance d\u00e9cisionnelle.<\/p>\n\n\n\n<h3 class=\"wp-block-heading\"><strong>Un coup de communication britannique ?<\/strong><\/h3>\n\n\n\n<p>D\u2019autres r\u00e9actions ont point\u00e9 du doigt une man\u0153uvre opportuniste du gouvernement britannique, qui aurait exploit\u00e9 la crise \u00e9conomique tunisienne pour imposer un agenda migratoire favorable \u00e0 Londres. Certains estiment que cette aide, plut\u00f4t que d\u2019\u00eatre un r\u00e9el soutien, sert principalement \u00e0 nourrir la propagande britannique en mati\u00e8re de lutte contre la migration clandestine.<\/p>\n\n\n\n<h3 class=\"wp-block-heading\"><strong>David Lammy, un positionnement contradictoire ?<\/strong><\/h3>\n\n\n\n<p>Un autre angle de critique vise directement David Lammy, dont l\u2019attitude sur la question migratoire a \u00e9t\u00e9 jug\u00e9e paradoxale. Des internautes rappellent que ses propres parents sont issus de l&rsquo;immigration, ce qui rend sa position actuelle particuli\u00e8rement controvers\u00e9e aux yeux de certains observateurs.<\/p>\n\n\n\n<h3 class=\"wp-block-heading\"><strong>Un financement suppl\u00e9mentaire pour r\u00e9duire l\u2019\u00e9migration<\/strong><\/h3>\n\n\n\n<p>Malgr\u00e9 ces controverses, le gouvernement britannique a annonc\u00e9 un nouvel investissement de cinq millions de livres sterling dans des programmes d\u2019\u00e9ducation et de formation en Tunisie. Ce projet vise \u00e0 am\u00e9liorer l\u2019employabilit\u00e9 des jeunes Tunisiens, afin de r\u00e9duire les d\u00e9parts vers le Royaume-Uni. Cette approche s\u2019inscrit dans une strat\u00e9gie globale visant \u00e0 traiter les causes profondes de la migration irr\u00e9guli\u00e8re, selon les d\u00e9clarations officielles.<\/p>\n\n\n\n<p>En parall\u00e8le, Londres a r\u00e9cemment durci sa politique migratoire en renfor\u00e7ant les <strong>mesures l\u00e9gislatives contre les r\u00e9seaux de passeurs<\/strong>, accus\u00e9s de faciliter les travers\u00e9es ill\u00e9gales vers le territoire britannique.<\/p>\n\n\n\n<p>Si cette aide financi\u00e8re est pr\u00e9sent\u00e9e comme un levier pour <strong>stabiliser la situation \u00e9conomique et sociale en Tunisie<\/strong>, les critiques persistent, d\u00e9non\u00e7ant <strong>une instrumentalisation de la crise migratoire<\/strong> \u00e0 des fins politiques et diplomatiques.<\/p>\n","protected":false},"excerpt":{"rendered":"<p>La r\u00e9cente visite du secr\u00e9taire d&rsquo;\u00c9tat britannique aux Affaires \u00e9trang\u00e8res, David Lammy, en Tunisie a provoqu\u00e9 une vague de r\u00e9actions indign\u00e9es apr\u00e8s la publication d\u2019une vid\u00e9o r\u00e9capitulative par son d\u00e9partement. Ce contenu, mettant en avant l\u2019aide financi\u00e8re accord\u00e9e \u00e0 la Tunisie pour renforcer la surveillance des fronti\u00e8res maritimes, a \u00e9t\u00e9 per\u00e7u par de nombreux Tunisiens [&hellip;]<\/p>\n","protected":false},"author":1,"featured_media":2630,"comment_status":"open","ping_status":"open","sticky":false,"template":"","format":"standard","meta":{"footnotes":""},"categories":[25],"tags":[],"class_list":{"0":"post-2629","1":"post","2":"type-post","3":"status-publish","4":"format-standard","5":"has-post-thumbnail","7":"category-actualites-politiques"},"_links":{"self":[{"href":"https:\/\/live-kora-tv.com\/fr\/wp-json\/wp\/v2\/posts\/2629","targetHints":{"allow":["GET"]}}],"collection":[{"href":"https:\/\/live-kora-tv.com\/fr\/wp-json\/wp\/v2\/posts"}],"about":[{"href":"https:\/\/live-kora-tv.com\/fr\/wp-json\/wp\/v2\/types\/post"}],"author":[{"embeddable":true,"href":"https:\/\/live-kora-tv.com\/fr\/wp-json\/wp\/v2\/users\/1"}],"replies":[{"embeddable":true,"href":"https:\/\/live-kora-tv.com\/fr\/wp-json\/wp\/v2\/comments?post=2629"}],"version-history":[{"count":1,"href":"https:\/\/live-kora-tv.com\/fr\/wp-json\/wp\/v2\/posts\/2629\/revisions"}],"predecessor-version":[{"id":2632,"href":"https:\/\/live-kora-tv.com\/fr\/wp-json\/wp\/v2\/posts\/2629\/revisions\/2632"}],"wp:featuredmedia":[{"embeddable":true,"href":"https:\/\/live-kora-tv.com\/fr\/wp-json\/wp\/v2\/media\/2630"}],"wp:attachment":[{"href":"https:\/\/live-kora-tv.com\/fr\/wp-json\/wp\/v2\/media?parent=2629"}],"wp:term":[{"taxonomy":"category","embeddable":true,"href":"https:\/\/live-kora-tv.com\/fr\/wp-json\/wp\/v2\/categories?post=2629"},{"taxonomy":"post_tag","embeddable":true,"href":"https:\/\/live-kora-tv.com\/fr\/wp-json\/wp\/v2\/tags?post=2629"}],"curies":[{"name":"wp","href":"https:\/\/api.w.org\/{rel}","templated":true}]}}