{"id":2824,"date":"2025-02-09T20:20:00","date_gmt":"2025-02-09T19:20:00","guid":{"rendered":"https:\/\/live-kora-tv.com\/?p=2824"},"modified":"2025-02-09T20:20:23","modified_gmt":"2025-02-09T19:20:23","slug":"hammamet-accueille-la-11%e1%b5%89-edition-du-festival-des-agrumes-2","status":"publish","type":"post","link":"https:\/\/live-kora-tv.com\/fr\/hammamet-accueille-la-11%e1%b5%89-edition-du-festival-des-agrumes-2\/","title":{"rendered":"Hammamet accueille la 11\u1d49 \u00e9dition du Festival des Agrumes"},"content":{"rendered":"\n<p>La ville de <strong>Hammamet<\/strong> a donn\u00e9 le coup d\u2019envoi de la <strong>11\u1d49 \u00e9dition du Festival des Agrumes<\/strong>, un \u00e9v\u00e9nement organis\u00e9 par <strong>l\u2019Association d\u2019\u00c9ducation Environnementale de Hammamet<\/strong> les <strong>vendredi et samedi<\/strong>, pr\u00e8s de la tour historique de la ville. Ce festival a r\u00e9uni <strong>des acteurs locaux et internationaux<\/strong>, ainsi que des repr\u00e9sentants des secteurs de <strong>l\u2019agriculture et du tourisme<\/strong>.<\/p>\n\n\n\n<h3 class=\"wp-block-heading\"><strong>Un festival pour valoriser l\u2019h\u00e9ritage agricole de Hammamet<\/strong><\/h3>\n\n\n\n<p>Dans une d\u00e9claration accord\u00e9e \u00e0 <strong>Mosa\u00efque FM<\/strong>, <strong>Salem Sahli<\/strong>, pr\u00e9sident de l\u2019association organisatrice, a soulign\u00e9 que <strong>l\u2019objectif principal du festival est de mettre en lumi\u00e8re le r\u00f4le agricole et historique de Hammamet<\/strong>, une ville souvent r\u00e9duite \u00e0 sa seule dimension touristique. En r\u00e9alit\u00e9, elle <strong>figure parmi les principales r\u00e9gions productrices d\u2019agrumes en Tunisie<\/strong> et a \u00e9t\u00e9 <strong>le point de d\u00e9part<\/strong> de la culture des agrumes, qui s\u2019est ensuite \u00e9tendue \u00e0 plusieurs d\u00e9l\u00e9gations du <strong>gouvernorat de Nabeul<\/strong>, comme <strong>Menzel Bouzelfa et B\u00e9ni Khalled<\/strong>.<\/p>\n\n\n\n<p>Cependant, <strong>l\u2019expansion urbaine<\/strong> a drastiquement r\u00e9duit <strong>les terres cultiv\u00e9es en agrumes<\/strong>, passant de <strong>9000 hectares \u00e0 environ 3000 hectares<\/strong>. Malgr\u00e9 ce recul, <strong>les agriculteurs locaux continuent de pr\u00e9server et promouvoir cette culture<\/strong>, en mettant en avant <strong>ses usages vari\u00e9s<\/strong> dans la gastronomie tunisienne, ainsi que ses <strong>applications dans les domaines de la sant\u00e9 et de l\u2019\u00e9conomie<\/strong>.<\/p>\n\n\n\n<h3 class=\"wp-block-heading\"><strong>Des ateliers et des animations pour d\u00e9couvrir les agrumes sous toutes leurs formes<\/strong><\/h3>\n\n\n\n<p>Le festival a propos\u00e9 une <strong>vaste programmation<\/strong> avec plusieurs ateliers pratiques, mettant en avant <strong>les multiples usages des agrumes<\/strong> :<\/p>\n\n\n\n<p>\u2714 <strong>Fabrication de p\u00e2tisseries et de glaces artisanales<\/strong><br>\u2714 <strong>Production de confitures et de miel aux agrumes<\/strong><br>\u2714 <strong>Distillation d\u2019huiles essentielles et de fleurs d\u2019oranger<\/strong><br>\u2714 <strong>Ateliers artistiques, musique et d\u00e9gustation de jus naturels<\/strong><\/p>\n\n\n\n<h3 class=\"wp-block-heading\"><strong>Une ouverture internationale avec la participation de la communaut\u00e9 italienne<\/strong><\/h3>\n\n\n\n<p>L\u2019\u00e9v\u00e9nement a rassembl\u00e9 <strong>plusieurs acteurs tunisiens<\/strong>, notamment <strong>l\u2019Union locale de l\u2019agriculture de Hammamet<\/strong> et <strong>la d\u00e9l\u00e9gation r\u00e9gionale du tourisme<\/strong>, en plus de <strong>producteurs de plants d\u2019agrumes et d\u2019exposants commerciaux<\/strong>.<\/p>\n\n\n\n<p>Le festival a \u00e9galement accueilli <strong>des membres de la communaut\u00e9 italienne<\/strong>, forte d\u2019environ <strong>5000 r\u00e9sidents \u00e0 Hammamet<\/strong>, leur offrant <strong>l\u2019occasion de d\u00e9couvrir l\u2019h\u00e9ritage agricole local et les produits phares de la r\u00e9gion<\/strong>.<\/p>\n\n\n\n<h3 class=\"wp-block-heading\"><strong>Un levier pour le tourisme agricole et durable<\/strong><\/h3>\n\n\n\n<p>L\u2019un des objectifs majeurs du festival est de <strong>promouvoir le tourisme agricole<\/strong> en le liant au patrimoine culturel et \u00e9conomique de la r\u00e9gion. Cette initiative vise \u00e0 renforcer <strong>l\u2019image de Hammamet comme une destination touristique compl\u00e8te<\/strong>, o\u00f9 <strong>histoire, agriculture et d\u00e9veloppement durable se rencontrent<\/strong>.<\/p>\n\n\n\n<p><\/p>\n","protected":false},"excerpt":{"rendered":"<p>La ville de Hammamet a donn\u00e9 le coup d\u2019envoi de la 11\u1d49 \u00e9dition du Festival des Agrumes, un \u00e9v\u00e9nement organis\u00e9 par l\u2019Association d\u2019\u00c9ducation Environnementale de Hammamet les vendredi et samedi, pr\u00e8s de la tour historique de la ville. Ce festival a r\u00e9uni des acteurs locaux et internationaux, ainsi que des repr\u00e9sentants des secteurs de l\u2019agriculture [&hellip;]<\/p>\n","protected":false},"author":1,"featured_media":2821,"comment_status":"open","ping_status":"open","sticky":false,"template":"","format":"standard","meta":{"footnotes":""},"categories":[38],"tags":[],"class_list":{"0":"post-2824","1":"post","2":"type-post","3":"status-publish","4":"format-standard","5":"has-post-thumbnail","7":"category-societe"},"_links":{"self":[{"href":"https:\/\/live-kora-tv.com\/fr\/wp-json\/wp\/v2\/posts\/2824","targetHints":{"allow":["GET"]}}],"collection":[{"href":"https:\/\/live-kora-tv.com\/fr\/wp-json\/wp\/v2\/posts"}],"about":[{"href":"https:\/\/live-kora-tv.com\/fr\/wp-json\/wp\/v2\/types\/post"}],"author":[{"embeddable":true,"href":"https:\/\/live-kora-tv.com\/fr\/wp-json\/wp\/v2\/users\/1"}],"replies":[{"embeddable":true,"href":"https:\/\/live-kora-tv.com\/fr\/wp-json\/wp\/v2\/comments?post=2824"}],"version-history":[{"count":1,"href":"https:\/\/live-kora-tv.com\/fr\/wp-json\/wp\/v2\/posts\/2824\/revisions"}],"predecessor-version":[{"id":2825,"href":"https:\/\/live-kora-tv.com\/fr\/wp-json\/wp\/v2\/posts\/2824\/revisions\/2825"}],"wp:featuredmedia":[{"embeddable":true,"href":"https:\/\/live-kora-tv.com\/fr\/wp-json\/wp\/v2\/media\/2821"}],"wp:attachment":[{"href":"https:\/\/live-kora-tv.com\/fr\/wp-json\/wp\/v2\/media?parent=2824"}],"wp:term":[{"taxonomy":"category","embeddable":true,"href":"https:\/\/live-kora-tv.com\/fr\/wp-json\/wp\/v2\/categories?post=2824"},{"taxonomy":"post_tag","embeddable":true,"href":"https:\/\/live-kora-tv.com\/fr\/wp-json\/wp\/v2\/tags?post=2824"}],"curies":[{"name":"wp","href":"https:\/\/api.w.org\/{rel}","templated":true}]}}