{"id":2827,"date":"2025-02-10T08:00:44","date_gmt":"2025-02-10T07:00:44","guid":{"rendered":"https:\/\/live-kora-tv.com\/?p=2827"},"modified":"2025-02-10T08:00:47","modified_gmt":"2025-02-10T07:00:47","slug":"le-parc-national-de-lichkeul-renait-apres-les-recentes-pluies","status":"publish","type":"post","link":"https:\/\/live-kora-tv.com\/fr\/le-parc-national-de-lichkeul-renait-apres-les-recentes-pluies\/","title":{"rendered":"Le Parc national de l\u2019Ichkeul rena\u00eet apr\u00e8s les r\u00e9centes pluies"},"content":{"rendered":"\n<p>Les fortes pr\u00e9cipitations qui ont touch\u00e9 le nord de la Tunisie ces derni\u00e8res semaines ont permis au Parc national de l\u2019Ichkeul de retrouver une partie de son \u00e9clat. Des images partag\u00e9es par Ameur Bahba sur la page <em>L\u2019Observatoire tunisien de la m\u00e9t\u00e9o et du climat<\/em> montrent une transformation spectaculaire de cet \u00e9cosyst\u00e8me autrefois menac\u00e9 par la s\u00e9cheresse et la salinisation.<\/p>\n\n\n\n<h3 class=\"wp-block-heading\"><strong>Un pass\u00e9 marqu\u00e9 par une crise \u00e9cologique<\/strong><\/h3>\n\n\n\n<p>Dans les ann\u00e9es 1990, l\u2019\u00e9dification de barrages autour du lac Ichkeul a perturb\u00e9 son \u00e9quilibre hydrique, limitant l\u2019apport en eau douce et augmentant son taux de salinit\u00e9. Cette situation a conduit \u00e0 une diminution inqui\u00e9tante de la faune et de la flore locales, en particulier des oiseaux migrateurs qui y trouvent refuge chaque hiver. En raison de cette d\u00e9gradation, l\u2019UNESCO a inscrit le parc sur la Liste du patrimoine mondial en p\u00e9ril en 1996.<\/p>\n\n\n\n<h3 class=\"wp-block-heading\"><strong>Des efforts de restauration qui portent leurs fruits<\/strong><\/h3>\n\n\n\n<p>Face \u00e0 l\u2019urgence \u00e9cologique, des mesures ont \u00e9t\u00e9 mises en place pour restaurer le site. Une meilleure gestion des ressources hydriques et des initiatives de pr\u00e9servation ont permis d\u2019am\u00e9liorer progressivement l\u2019\u00e9tat du parc. Ces efforts ont port\u00e9 leurs fruits puisque le parc a \u00e9t\u00e9 retir\u00e9 de la Liste du patrimoine mondial en p\u00e9ril en 2006. Aujourd\u2019hui, la biodiversit\u00e9 du lac conna\u00eet un regain, favoris\u00e9 par les r\u00e9centes pr\u00e9cipitations.<\/p>\n\n\n\n<h3 class=\"wp-block-heading\"><strong>Les d\u00e9fis restent nombreux<\/strong><\/h3>\n\n\n\n<p>Malgr\u00e9 ces progr\u00e8s encourageants, Mohamed Salah Gla\u00efed, expert en gestion de l\u2019eau, souligne que <em>\u00ab\u00a0si les derni\u00e8res pluies ont apport\u00e9 une bouff\u00e9e d\u2019oxyg\u00e8ne au lac, des solutions structurelles restent indispensables pour assurer sa p\u00e9rennit\u00e9\u00a0\u00bb<\/em>. Il rappelle que le lac Ichkeul est une zone humide d\u2019importance internationale selon la Convention de Ramsar, adopt\u00e9e en 1971, et qu\u2019il est crucial de mettre en place des strat\u00e9gies adapt\u00e9es aux effets du changement climatique afin de pr\u00e9server ce joyau naturel.<\/p>\n\n\n\n<h3 class=\"wp-block-heading\"><strong>Un tr\u00e9sor \u00e9cologique au c\u0153ur de la Tunisie<\/strong><\/h3>\n\n\n\n<p>Situ\u00e9 \u00e0 environ 75 km au nord de Tunis, dans la plaine de Mateur (gouvernorat de Bizerte), le Parc national de l\u2019Ichkeul s\u2019\u00e9tend sur 12 600 hectares et comprend trois \u00e9l\u00e9ments principaux :<\/p>\n\n\n\n<ul class=\"wp-block-list\">\n<li><strong>Le lac Ichkeul<\/strong> (8 500 hectares),<\/li>\n\n\n\n<li><strong>Les marais environnants<\/strong> (2 737 hectares),<\/li>\n\n\n\n<li><strong>Le Jebel Ichkeul<\/strong>, un massif calcaire culminant \u00e0 511 m\u00e8tres d\u2019altitude.<\/li>\n<\/ul>\n\n\n\n<p>Reconnu \u00e0 l\u2019\u00e9chelle mondiale, le parc est inscrit sur plusieurs listes de protection :<br>\u2714 <strong>R\u00e9serve de la Biosph\u00e8re de l\u2019UNESCO (1977)<\/strong> : valorisation d\u2019une coexistence harmonieuse entre les habitants et l\u2019\u00e9cosyst\u00e8me.<br>\u2714 <strong>Patrimoine mondial de l\u2019UNESCO (1979)<\/strong> : dernier grand lac d\u2019eau douce en Afrique du Nord et site vital pour l\u2019hivernage des oiseaux migrateurs.<br>\u2714 <strong>Site Ramsar (1980)<\/strong> : zone humide cruciale pour les oiseaux migrateurs, dont certaines esp\u00e8ces menac\u00e9es.<\/p>\n\n\n\n<h3 class=\"wp-block-heading\"><strong>Conclusion<\/strong><\/h3>\n\n\n\n<p>Si le Parc national de l\u2019Ichkeul b\u00e9n\u00e9ficie aujourd\u2019hui d\u2019une r\u00e9g\u00e9n\u00e9ration naturelle gr\u00e2ce aux r\u00e9centes pluies, sa pr\u00e9servation n\u00e9cessite une vigilance constante. Une gestion durable de l\u2019eau et une meilleure adaptation aux al\u00e9as climatiques sont indispensables pour garantir sa survie \u00e0 long terme et assurer la protection des esp\u00e8ces qui en d\u00e9pendent.<\/p>\n","protected":false},"excerpt":{"rendered":"<p>Les fortes pr\u00e9cipitations qui ont touch\u00e9 le nord de la Tunisie ces derni\u00e8res semaines ont permis au Parc national de l\u2019Ichkeul de retrouver une partie de son \u00e9clat. Des images partag\u00e9es par Ameur Bahba sur la page L\u2019Observatoire tunisien de la m\u00e9t\u00e9o et du climat montrent une transformation spectaculaire de cet \u00e9cosyst\u00e8me autrefois menac\u00e9 par [&hellip;]<\/p>\n","protected":false},"author":1,"featured_media":2828,"comment_status":"open","ping_status":"open","sticky":false,"template":"","format":"standard","meta":{"footnotes":""},"categories":[23],"tags":[],"class_list":{"0":"post-2827","1":"post","2":"type-post","3":"status-publish","4":"format-standard","5":"has-post-thumbnail","7":"category-culture-et-societe"},"_links":{"self":[{"href":"https:\/\/live-kora-tv.com\/fr\/wp-json\/wp\/v2\/posts\/2827","targetHints":{"allow":["GET"]}}],"collection":[{"href":"https:\/\/live-kora-tv.com\/fr\/wp-json\/wp\/v2\/posts"}],"about":[{"href":"https:\/\/live-kora-tv.com\/fr\/wp-json\/wp\/v2\/types\/post"}],"author":[{"embeddable":true,"href":"https:\/\/live-kora-tv.com\/fr\/wp-json\/wp\/v2\/users\/1"}],"replies":[{"embeddable":true,"href":"https:\/\/live-kora-tv.com\/fr\/wp-json\/wp\/v2\/comments?post=2827"}],"version-history":[{"count":1,"href":"https:\/\/live-kora-tv.com\/fr\/wp-json\/wp\/v2\/posts\/2827\/revisions"}],"predecessor-version":[{"id":2830,"href":"https:\/\/live-kora-tv.com\/fr\/wp-json\/wp\/v2\/posts\/2827\/revisions\/2830"}],"wp:featuredmedia":[{"embeddable":true,"href":"https:\/\/live-kora-tv.com\/fr\/wp-json\/wp\/v2\/media\/2828"}],"wp:attachment":[{"href":"https:\/\/live-kora-tv.com\/fr\/wp-json\/wp\/v2\/media?parent=2827"}],"wp:term":[{"taxonomy":"category","embeddable":true,"href":"https:\/\/live-kora-tv.com\/fr\/wp-json\/wp\/v2\/categories?post=2827"},{"taxonomy":"post_tag","embeddable":true,"href":"https:\/\/live-kora-tv.com\/fr\/wp-json\/wp\/v2\/tags?post=2827"}],"curies":[{"name":"wp","href":"https:\/\/api.w.org\/{rel}","templated":true}]}}