{"id":3248,"date":"2025-02-23T12:20:00","date_gmt":"2025-02-23T11:20:00","guid":{"rendered":"https:\/\/live-kora-tv.com\/?p=3248"},"modified":"2025-02-21T15:31:46","modified_gmt":"2025-02-21T14:31:46","slug":"le-ministere-des-affaires-religieuses-annonce-le-prix-du-hajj-2025","status":"publish","type":"post","link":"https:\/\/live-kora-tv.com\/fr\/le-ministere-des-affaires-religieuses-annonce-le-prix-du-hajj-2025\/","title":{"rendered":"Le minist\u00e8re des Affaires religieuses annonce le prix du Hajj 2025"},"content":{"rendered":"\n<p>Ce vendredi 21 f\u00e9vrier 2025, le minist\u00e8re des Affaires religieuses a officiellement communiqu\u00e9 que le tarif pour le Hajj de la saison 2025\/1446 a \u00e9t\u00e9 fix\u00e9 \u00e0 20\u202f700 dinars. Ce montant global se d\u00e9compose comme suit :<\/p>\n\n\n\n<ul class=\"wp-block-list\">\n<li>H\u00e9bergement et services : 17\u202f000 dinars, tarif d\u00e9termin\u00e9 par la Soci\u00e9t\u00e9 des services nationaux et d\u2019h\u00e9bergement.<\/li>\n\n\n\n<li>Billet d\u2019avion : 3\u202f700 dinars, tarif \u00e9tabli par la compagnie Tunisair.<\/li>\n<\/ul>\n\n\n\n<p>Cette annonce pr\u00e9cise ainsi les co\u00fbts que devront assumer les p\u00e8lerins, incluant \u00e0 la fois les frais li\u00e9s \u00e0 l\u2019h\u00e9bergement et aux services, ainsi que ceux relatifs au transport a\u00e9rien.<\/p>\n","protected":false},"excerpt":{"rendered":"<p>Ce vendredi 21 f\u00e9vrier 2025, le minist\u00e8re des Affaires religieuses a officiellement communiqu\u00e9 que le tarif pour le Hajj de la saison 2025\/1446 a \u00e9t\u00e9 fix\u00e9 \u00e0 20\u202f700 dinars. Ce montant global se d\u00e9compose comme suit : Cette annonce pr\u00e9cise ainsi les co\u00fbts que devront assumer les p\u00e8lerins, incluant \u00e0 la fois les frais li\u00e9s [&hellip;]<\/p>\n","protected":false},"author":1,"featured_media":3254,"comment_status":"open","ping_status":"open","sticky":false,"template":"","format":"standard","meta":{"footnotes":""},"categories":[38],"tags":[],"class_list":{"0":"post-3248","1":"post","2":"type-post","3":"status-publish","4":"format-standard","5":"has-post-thumbnail","7":"category-societe"},"_links":{"self":[{"href":"https:\/\/live-kora-tv.com\/fr\/wp-json\/wp\/v2\/posts\/3248","targetHints":{"allow":["GET"]}}],"collection":[{"href":"https:\/\/live-kora-tv.com\/fr\/wp-json\/wp\/v2\/posts"}],"about":[{"href":"https:\/\/live-kora-tv.com\/fr\/wp-json\/wp\/v2\/types\/post"}],"author":[{"embeddable":true,"href":"https:\/\/live-kora-tv.com\/fr\/wp-json\/wp\/v2\/users\/1"}],"replies":[{"embeddable":true,"href":"https:\/\/live-kora-tv.com\/fr\/wp-json\/wp\/v2\/comments?post=3248"}],"version-history":[{"count":1,"href":"https:\/\/live-kora-tv.com\/fr\/wp-json\/wp\/v2\/posts\/3248\/revisions"}],"predecessor-version":[{"id":3262,"href":"https:\/\/live-kora-tv.com\/fr\/wp-json\/wp\/v2\/posts\/3248\/revisions\/3262"}],"wp:featuredmedia":[{"embeddable":true,"href":"https:\/\/live-kora-tv.com\/fr\/wp-json\/wp\/v2\/media\/3254"}],"wp:attachment":[{"href":"https:\/\/live-kora-tv.com\/fr\/wp-json\/wp\/v2\/media?parent=3248"}],"wp:term":[{"taxonomy":"category","embeddable":true,"href":"https:\/\/live-kora-tv.com\/fr\/wp-json\/wp\/v2\/categories?post=3248"},{"taxonomy":"post_tag","embeddable":true,"href":"https:\/\/live-kora-tv.com\/fr\/wp-json\/wp\/v2\/tags?post=3248"}],"curies":[{"name":"wp","href":"https:\/\/api.w.org\/{rel}","templated":true}]}}