{"id":3475,"date":"2025-03-05T08:20:38","date_gmt":"2025-03-05T07:20:38","guid":{"rendered":"https:\/\/live-kora-tv.com\/?p=3475"},"modified":"2025-03-05T08:20:42","modified_gmt":"2025-03-05T07:20:42","slug":"djerba-poursuite-des-recherches-pour-retrouver-un-marin-disparu-au-large-de-ras-rmal","status":"publish","type":"post","link":"https:\/\/live-kora-tv.com\/fr\/djerba-poursuite-des-recherches-pour-retrouver-un-marin-disparu-au-large-de-ras-rmal\/","title":{"rendered":"Djerba : Poursuite des recherches pour retrouver un marin disparu au large de Ras R&rsquo;mal"},"content":{"rendered":"\n<p>Les recherches se poursuivent activement pour retrouver un marin port\u00e9 disparu apr\u00e8s le naufrage d\u2019un bateau de plaisance au large de Ras R&rsquo;mal, \u00e0 Djerba. La direction g\u00e9n\u00e9rale de la Garde nationale a annonc\u00e9, ce mardi 4 mars 2025, que les op\u00e9rations de ratissage sont toujours en cours, mobilisant d\u2019importants moyens de secours.<\/p>\n\n\n\n<h3 class=\"wp-block-heading\">Un naufrage d\u00e9clenchant une vaste op\u00e9ration de sauvetage<\/h3>\n\n\n\n<p>L\u2019incident s\u2019est produit le 3 mars 2025, lorsqu\u2019une embarcation de plaisance a chavir\u00e9 dans la zone c\u00f4ti\u00e8re de Ras R&rsquo;mal. D\u00e8s r\u00e9ception de l\u2019alerte, les unit\u00e9s de la Garde maritime ont imm\u00e9diatement lanc\u00e9 les recherches pour tenter de secourir le marin disparu.<\/p>\n\n\n\n<h3 class=\"wp-block-heading\">Des moyens renforc\u00e9s pour retrouver le disparu<\/h3>\n\n\n\n<p>Afin d\u2019optimiser les efforts de sauvetage, <strong>plusieurs unit\u00e9s sp\u00e9cialis\u00e9es<\/strong> sont mobilis\u00e9es, notamment :<\/p>\n\n\n\n<ul class=\"wp-block-list\">\n<li>Des navires de la Garde maritime,<\/li>\n\n\n\n<li>Des patrouilles c\u00f4ti\u00e8res,<\/li>\n\n\n\n<li>Une \u00e9quipe de plongeurs de la Protection civile de Djerba,<\/li>\n\n\n\n<li>Un navire militaire de la Marine nationale,<\/li>\n\n\n\n<li>Un drone de reconnaissance, permettant d\u2019\u00e9tendre la couverture des zones de recherche.<\/li>\n<\/ul>\n\n\n\n<h3 class=\"wp-block-heading\">Appel \u00e0 la vigilance en mer<\/h3>\n\n\n\n<p>Dans son communiqu\u00e9, la direction g\u00e9n\u00e9rale de la Garde nationale a r\u00e9affirm\u00e9 son engagement total \u00e0 retrouver le marin disparu et \u00e0 prot\u00e9ger les usagers de la mer. Elle a \u00e9galement appel\u00e9 les navigateurs et plaisanciers \u00e0 respecter strictement les consignes de s\u00e9curit\u00e9 afin d\u2019\u00e9viter de nouveaux drames.<\/p>\n\n\n\n<p>Les op\u00e9rations de recherche se poursuivent et toute information compl\u00e9mentaire sera communiqu\u00e9e d\u00e8s qu\u2019un nouvel \u00e9l\u00e9ment sera disponible.<\/p>\n","protected":false},"excerpt":{"rendered":"<p>Les recherches se poursuivent activement pour retrouver un marin port\u00e9 disparu apr\u00e8s le naufrage d\u2019un bateau de plaisance au large de Ras R&rsquo;mal, \u00e0 Djerba. La direction g\u00e9n\u00e9rale de la Garde nationale a annonc\u00e9, ce mardi 4 mars 2025, que les op\u00e9rations de ratissage sont toujours en cours, mobilisant d\u2019importants moyens de secours. Un naufrage [&hellip;]<\/p>\n","protected":false},"author":1,"featured_media":3476,"comment_status":"open","ping_status":"open","sticky":false,"template":"","format":"standard","meta":{"footnotes":""},"categories":[38],"tags":[],"class_list":{"0":"post-3475","1":"post","2":"type-post","3":"status-publish","4":"format-standard","5":"has-post-thumbnail","7":"category-societe"},"_links":{"self":[{"href":"https:\/\/live-kora-tv.com\/fr\/wp-json\/wp\/v2\/posts\/3475","targetHints":{"allow":["GET"]}}],"collection":[{"href":"https:\/\/live-kora-tv.com\/fr\/wp-json\/wp\/v2\/posts"}],"about":[{"href":"https:\/\/live-kora-tv.com\/fr\/wp-json\/wp\/v2\/types\/post"}],"author":[{"embeddable":true,"href":"https:\/\/live-kora-tv.com\/fr\/wp-json\/wp\/v2\/users\/1"}],"replies":[{"embeddable":true,"href":"https:\/\/live-kora-tv.com\/fr\/wp-json\/wp\/v2\/comments?post=3475"}],"version-history":[{"count":1,"href":"https:\/\/live-kora-tv.com\/fr\/wp-json\/wp\/v2\/posts\/3475\/revisions"}],"predecessor-version":[{"id":3478,"href":"https:\/\/live-kora-tv.com\/fr\/wp-json\/wp\/v2\/posts\/3475\/revisions\/3478"}],"wp:featuredmedia":[{"embeddable":true,"href":"https:\/\/live-kora-tv.com\/fr\/wp-json\/wp\/v2\/media\/3476"}],"wp:attachment":[{"href":"https:\/\/live-kora-tv.com\/fr\/wp-json\/wp\/v2\/media?parent=3475"}],"wp:term":[{"taxonomy":"category","embeddable":true,"href":"https:\/\/live-kora-tv.com\/fr\/wp-json\/wp\/v2\/categories?post=3475"},{"taxonomy":"post_tag","embeddable":true,"href":"https:\/\/live-kora-tv.com\/fr\/wp-json\/wp\/v2\/tags?post=3475"}],"curies":[{"name":"wp","href":"https:\/\/api.w.org\/{rel}","templated":true}]}}