{"id":7365,"date":"2025-07-23T09:37:24","date_gmt":"2025-07-23T06:37:24","guid":{"rendered":"https:\/\/live-kora-tv.com\/vague-de-chaleur-intense-kebili-tozeur-et-gafsa-en-alerte-orange\/"},"modified":"2025-07-23T09:37:26","modified_gmt":"2025-07-23T06:37:26","slug":"vague-de-chaleur-intense-kebili-tozeur-et-gafsa-en-alerte-orange","status":"publish","type":"post","link":"https:\/\/live-kora-tv.com\/fr\/vague-de-chaleur-intense-kebili-tozeur-et-gafsa-en-alerte-orange\/","title":{"rendered":"Vague de chaleur intense : Kebili, Tozeur et Gafsa en alerte orange"},"content":{"rendered":"\n<p><\/p>\n\n<p>L&rsquo;Institut national de m\u00e9t\u00e9orologie (INM) a publi\u00e9 mardi une <strong>mise \u00e0 jour de la carte de vigilance m\u00e9t\u00e9orologique<\/strong>, annon\u00e7ant que <strong>les provinces de<\/strong> <strong>Kebili<\/strong> <strong>, Tozeur et Gafsa<\/strong> sont plac\u00e9es en <strong>alerte orange<\/strong> en raison des <strong>temp\u00e9ratures \u00e9lev\u00e9es et des vents du Chahili<\/strong> attendus dans les prochaines heures. <\/p>\n\n<p>L&rsquo;institut pr\u00e9vient que <strong>le risque est plus \u00e9lev\u00e9 pour certains groupes vuln\u00e9rables<\/strong>, tels que les personnes \u00e2g\u00e9es, les personnes souffrant de maladies chroniques ou mentales, les personnes qui prennent r\u00e9guli\u00e8rement des m\u00e9dicaments, ainsi que les personnes isol\u00e9es. Il appelle \u00e9galement les sportifs et les travailleurs en plein air \u00e0 faire <strong>attention aux risques de d\u00e9shydratation et de<\/strong>coup de chaleur, sans oublier l&rsquo;importance de prendre <strong>soin des enfants<\/strong> dans des conditions climatiques aussi extr\u00eames.<\/p>\n\n<h3 class=\"wp-block-heading\">\u26a0\ufe0f Sympt\u00f4mes du coup de chaleur<\/h3>\n\n<p>L&rsquo;institut note que les sympt\u00f4mes d&rsquo;un coup de chaleur sont, entre autres, les suivants :<\/p>\n\n<ul class=\"wp-block-list\">\n<li>Temp\u00e9rature corporelle sup\u00e9rieure \u00e0 40\u00b0C<\/li>\n\n\n\n<li>Peau rouge, s\u00e8che et chaude<\/li>\n\n\n\n<li>Maux de t\u00eate s\u00e9v\u00e8res<\/li>\n\n\n\n<li>Naus\u00e9es<\/li>\n\n\n\n<li>Sommeil<\/li>\n\n\n\n<li>Soif excessive<\/li>\n\n\n\n<li>Troubles mentaux<\/li>\n\n\n\n<li>Crampes<\/li>\n\n\n\n<li>Perte de conscience<\/li>\n<\/ul>\n\n<h3 class=\"wp-block-heading\">\ud83d\udca1 Recommandations pour la pr\u00e9vention :<\/h3>\n\n<p>L&rsquo;Institut m\u00e9t\u00e9orologique national recommande ce qui suit :<\/p>\n\n<ul class=\"wp-block-list\">\n<li><strong>Buvez de l&rsquo;eau r\u00e9guli\u00e8rement<\/strong> tout au long de la journ\u00e9e, m\u00eame si vous n&rsquo;avez pas soif.<\/li>\n\n\n\n<li><strong>Mangez normalement<\/strong> et ne sautez pas de repas.<\/li>\n\n\n\n<li><strong>Mouiller le corps avec de l&rsquo;eau<\/strong> plusieurs fois par jour<\/li>\n\n\n\n<li><strong>\u00c9vitez de sortir entre 12 et 16 heures<\/strong>, mais si vous devez le faire, il est conseill\u00e9 de le faire :\n<ul class=\"wp-block-list\">\n<li>Porter un chapeau ou un couvre-chef<\/li>\n\n\n\n<li>Portez des lunettes de soleil<\/li>\n\n\n\n<li>Choisissez des v\u00eatements l\u00e9gers, amples et de couleur claire.<\/li>\n\n\n\n<li>rester dans des endroits climatis\u00e9s ou froids pendant deux \u00e0 trois heures par jour<\/li>\n\n\n\n<li>R\u00e9duire autant que possible l&rsquo;activit\u00e9 physique et sportive<\/li>\n<\/ul>\n<\/li>\n<\/ul>\n\n<p>Il est \u00e9galement conseill\u00e9 de fermer les fen\u00eatres et les rideaux pendant la journ\u00e9e pour emp\u00eacher la chaleur d&rsquo;entrer, et d&rsquo;a\u00e9rer la maison pendant la nuit. En cas de <strong>signes de fatigue ou de changements de comportement<\/strong>, veuillez contacter un m\u00e9decin ou la protection civile au <strong>198<\/strong>.  <\/p>\n\n<h3 class=\"wp-block-heading\">\u26a0\ufe0f Autres \u00c9tats en vigilance jaune<\/h3>\n\n<p>L&rsquo;institut note que d&rsquo;autres \u00c9tats connaissent \u00e9galement des temp\u00e9ratures \u00e9lev\u00e9es et ont \u00e9t\u00e9 class\u00e9s au <strong>niveau d&rsquo;alerte jaune<\/strong>, qui requiert la prudence lors d&rsquo;activit\u00e9s sensibles \u00e0 la chaleur. Ces \u00c9tats sont les suivants <br\/><strong>Jendouba, Baja, Zaghouan, Kef, Siliana, Sidi Bouzid, Kasserine, Tataouine et Medenine.  <\/strong><\/p>\n","protected":false},"excerpt":{"rendered":"<p>L&rsquo;Institut national de m\u00e9t\u00e9orologie (INM) a publi\u00e9 mardi une mise \u00e0 jour de la carte de vigilance m\u00e9t\u00e9orologique, annon\u00e7ant que les provinces de Kebili , Tozeur et Gafsa sont plac\u00e9es en alerte orange en raison des temp\u00e9ratures \u00e9lev\u00e9es et des vents du Chahili attendus dans les prochaines heures. L&rsquo;institut pr\u00e9vient que le risque est plus [&hellip;]<\/p>\n","protected":false},"author":4,"featured_media":7359,"comment_status":"open","ping_status":"open","sticky":false,"template":"","format":"standard","meta":{"footnotes":""},"categories":[68],"tags":[],"class_list":{"0":"post-7365","1":"post","2":"type-post","3":"status-publish","4":"format-standard","5":"has-post-thumbnail","7":"category-communaute"},"_links":{"self":[{"href":"https:\/\/live-kora-tv.com\/fr\/wp-json\/wp\/v2\/posts\/7365","targetHints":{"allow":["GET"]}}],"collection":[{"href":"https:\/\/live-kora-tv.com\/fr\/wp-json\/wp\/v2\/posts"}],"about":[{"href":"https:\/\/live-kora-tv.com\/fr\/wp-json\/wp\/v2\/types\/post"}],"author":[{"embeddable":true,"href":"https:\/\/live-kora-tv.com\/fr\/wp-json\/wp\/v2\/users\/4"}],"replies":[{"embeddable":true,"href":"https:\/\/live-kora-tv.com\/fr\/wp-json\/wp\/v2\/comments?post=7365"}],"version-history":[{"count":1,"href":"https:\/\/live-kora-tv.com\/fr\/wp-json\/wp\/v2\/posts\/7365\/revisions"}],"predecessor-version":[{"id":7366,"href":"https:\/\/live-kora-tv.com\/fr\/wp-json\/wp\/v2\/posts\/7365\/revisions\/7366"}],"wp:featuredmedia":[{"embeddable":true,"href":"https:\/\/live-kora-tv.com\/fr\/wp-json\/wp\/v2\/media\/7359"}],"wp:attachment":[{"href":"https:\/\/live-kora-tv.com\/fr\/wp-json\/wp\/v2\/media?parent=7365"}],"wp:term":[{"taxonomy":"category","embeddable":true,"href":"https:\/\/live-kora-tv.com\/fr\/wp-json\/wp\/v2\/categories?post=7365"},{"taxonomy":"post_tag","embeddable":true,"href":"https:\/\/live-kora-tv.com\/fr\/wp-json\/wp\/v2\/tags?post=7365"}],"curies":[{"name":"wp","href":"https:\/\/api.w.org\/{rel}","templated":true}]}}