{"id":7371,"date":"2025-07-23T10:40:14","date_gmt":"2025-07-23T07:40:14","guid":{"rendered":"https:\/\/live-kora-tv.com\/la-championne-francaise-de-roland-garros-louise-poisson-renonce-a-participer-au-tournoi-du-canada-en-raison-dune-blessure\/"},"modified":"2025-07-23T10:40:16","modified_gmt":"2025-07-23T07:40:16","slug":"la-championne-francaise-de-roland-garros-louise-poisson-renonce-a-participer-au-tournoi-du-canada-en-raison-dune-blessure","status":"publish","type":"post","link":"https:\/\/live-kora-tv.com\/fr\/la-championne-francaise-de-roland-garros-louise-poisson-renonce-a-participer-au-tournoi-du-canada-en-raison-dune-blessure\/","title":{"rendered":"La championne fran\u00e7aise de Roland Garros Louise Poisson renonce \u00e0 participer au tournoi du Canada en raison d&rsquo;une blessure"},"content":{"rendered":"\n<p>La star du tennis fran\u00e7ais <strong>Louise Poisson<\/strong>, demi-finaliste de Roland Garros, s&rsquo;est retir\u00e9e de l&rsquo;<strong>Open du Canada f\u00e9minin WTA 1000 de Montr\u00e9al en<\/strong>raison d&rsquo;une blessure au muscle de la cuisse gauche, rejoignant ainsi la longue liste des joueuses qui ont renonc\u00e9 \u00e0 participer \u00e0 ce tournoi tr\u00e8s attendu.<\/p>\n\n<p>La num\u00e9ro 44 mondiale a confirm\u00e9 sur son compte de m\u00e9dias sociaux qu&rsquo;elle avait pass\u00e9 un scanner mardi matin apr\u00e8s avoir ressenti une douleur \u00e0 l&rsquo;aine lors du <strong>tournoi de Hambourg<\/strong> la semaine derni\u00e8re, o\u00f9 elle a remport\u00e9 son premier titre professionnel.   <\/p>\n\n<p>Le jeune homme de 22 ans a d\u00e9clar\u00e9 :<\/p>\n\n<blockquote class=\"wp-block-quote is-layout-flow wp-block-quote-is-layout-flow\">\n<p>\u00ab\u00a0J&rsquo;ai pass\u00e9 une \u00e9chographie ce matin en raison de la douleur que j&rsquo;ai ressentie dans mon biceps gauche pendant le tournoi de Hambourg, et il s&rsquo;av\u00e8re que j&rsquo;ai besoin de plus de temps pour me reposer et r\u00e9cup\u00e9rer compl\u00e8tement.\u00a0\u00bb<br\/>\u00ab\u00a0Je suis tr\u00e8s triste de manquer le tournoi de Montr\u00e9al, ce n&rsquo;\u00e9tait pas du tout une d\u00e9cision facile, mais ma sant\u00e9 passe toujours en premier.\u00a0\u00bb   <\/p>\n<\/blockquote>\n\n<p>L&rsquo;absence de Poisson est un coup dur pour le tournoi, qui se d\u00e9roulera \u00e0 <strong>Montr\u00e9al du 26 juillet au 7 ao\u00fbt<\/strong>, car elle \u00e9tait l&rsquo;un des grands noms de la saison 2025, ayant p\u00e9n\u00e9tr\u00e9 dans le top 50 du classement mondial \u00e0 la suite de son sacre \u00e0 Hambourg.<\/p>\n\n<p>Son retrait survient quelques jours seulement apr\u00e8s que la superstar et num\u00e9ro un mondial <strong>Arina Sabalenka<\/strong> a annonc\u00e9 sa d\u00e9cision de ne pas participer au tournoi en raison de la fatigue, ajoutant ainsi \u00e0 la liste des absences importantes qui pourraient affecter la comp\u00e9tition aux Championnats canadiens. <\/p>\n\n<p>Avec un nombre croissant de d\u00e9sistements, il est clair que la prochaine \u00e9dition de l&rsquo;Open du Canada pourrait \u00eatre marqu\u00e9e par l&rsquo;absence de certaines des plus grandes stars de la sc\u00e8ne mondiale, alors que les joueurs se pr\u00e9parent \u00e0 la saison sur terrain dur avant l&rsquo;US Open.  <\/p>\n","protected":false},"excerpt":{"rendered":"<p>La star du tennis fran\u00e7ais Louise Poisson, demi-finaliste de Roland Garros, s&rsquo;est retir\u00e9e de l&rsquo;Open du Canada f\u00e9minin WTA 1000 de Montr\u00e9al enraison d&rsquo;une blessure au muscle de la cuisse gauche, rejoignant ainsi la longue liste des joueuses qui ont renonc\u00e9 \u00e0 participer \u00e0 ce tournoi tr\u00e8s attendu. La num\u00e9ro 44 mondiale a confirm\u00e9 sur [&hellip;]<\/p>\n","protected":false},"author":4,"featured_media":7363,"comment_status":"open","ping_status":"open","sticky":false,"template":"","format":"standard","meta":{"footnotes":""},"categories":[20],"tags":[],"class_list":{"0":"post-7371","1":"post","2":"type-post","3":"status-publish","4":"format-standard","5":"has-post-thumbnail","7":"category-actualites-sportives"},"_links":{"self":[{"href":"https:\/\/live-kora-tv.com\/fr\/wp-json\/wp\/v2\/posts\/7371","targetHints":{"allow":["GET"]}}],"collection":[{"href":"https:\/\/live-kora-tv.com\/fr\/wp-json\/wp\/v2\/posts"}],"about":[{"href":"https:\/\/live-kora-tv.com\/fr\/wp-json\/wp\/v2\/types\/post"}],"author":[{"embeddable":true,"href":"https:\/\/live-kora-tv.com\/fr\/wp-json\/wp\/v2\/users\/4"}],"replies":[{"embeddable":true,"href":"https:\/\/live-kora-tv.com\/fr\/wp-json\/wp\/v2\/comments?post=7371"}],"version-history":[{"count":1,"href":"https:\/\/live-kora-tv.com\/fr\/wp-json\/wp\/v2\/posts\/7371\/revisions"}],"predecessor-version":[{"id":7372,"href":"https:\/\/live-kora-tv.com\/fr\/wp-json\/wp\/v2\/posts\/7371\/revisions\/7372"}],"wp:featuredmedia":[{"embeddable":true,"href":"https:\/\/live-kora-tv.com\/fr\/wp-json\/wp\/v2\/media\/7363"}],"wp:attachment":[{"href":"https:\/\/live-kora-tv.com\/fr\/wp-json\/wp\/v2\/media?parent=7371"}],"wp:term":[{"taxonomy":"category","embeddable":true,"href":"https:\/\/live-kora-tv.com\/fr\/wp-json\/wp\/v2\/categories?post=7371"},{"taxonomy":"post_tag","embeddable":true,"href":"https:\/\/live-kora-tv.com\/fr\/wp-json\/wp\/v2\/tags?post=7371"}],"curies":[{"name":"wp","href":"https:\/\/api.w.org\/{rel}","templated":true}]}}