{"id":7452,"date":"2025-07-24T17:26:14","date_gmt":"2025-07-24T14:26:14","guid":{"rendered":"https:\/\/live-kora-tv.com\/le-deces-dune-jeune-femme-a-lhopital-de-gafsa-suscite-la-controverse-le-ministere-public-ouvre-une-enquete-sur-les-circonstances-de-lincident\/"},"modified":"2025-07-24T17:26:16","modified_gmt":"2025-07-24T14:26:16","slug":"le-deces-dune-jeune-femme-a-lhopital-de-gafsa-suscite-la-controverse-le-ministere-public-ouvre-une-enquete-sur-les-circonstances-de-lincident","status":"publish","type":"post","link":"https:\/\/live-kora-tv.com\/fr\/le-deces-dune-jeune-femme-a-lhopital-de-gafsa-suscite-la-controverse-le-ministere-public-ouvre-une-enquete-sur-les-circonstances-de-lincident\/","title":{"rendered":"Le d\u00e9c\u00e8s d&rsquo;une jeune femme \u00e0 l&rsquo;h\u00f4pital de Gafsa suscite la controverse : Le minist\u00e8re public ouvre une enqu\u00eate sur les circonstances de l&rsquo;incident"},"content":{"rendered":"\n<p><\/p>\n\n<p>Le minist\u00e8re public pr\u00e8s le tribunal de premi\u00e8re instance de Gafsa a annonc\u00e9 l&rsquo;ouverture d&rsquo;une enqu\u00eate criminelle sur les circonstances de la mort d&rsquo;une jeune femme de 21 ans, d\u00e9c\u00e9d\u00e9e mardi \u00e0 l&rsquo;h\u00f4pital r\u00e9gional Hussein Bouziane apr\u00e8s que son \u00e9tat de sant\u00e9 se soit soudainement d\u00e9t\u00e9rior\u00e9.  <\/p>\n\n<p>L&rsquo;unit\u00e9 d&rsquo;enqu\u00eate criminelle de la zone de s\u00e9curit\u00e9 nationale de Gafsa a \u00e9t\u00e9 charg\u00e9e de mener des investigations, tandis que le <strong>minist\u00e8re de la sant\u00e9<\/strong> a lanc\u00e9 une enqu\u00eate administrative parall\u00e8le afin d&rsquo;examiner les circonstances de l&rsquo;incident et d&rsquo;identifier les \u00e9ventuelles responsabilit\u00e9s au sein de l&rsquo;\u00e9tablissement de sant\u00e9.  <\/p>\n\n<h3 class=\"wp-block-heading\">Accusations de n\u00e9gligence apr\u00e8s la diffusion d&rsquo;une vid\u00e9o choquante<\/h3>\n\n<p>Les utilisateurs des r\u00e9seaux sociaux ont fait circuler une vid\u00e9o \u00e9mouvante montrant le p\u00e8re de la victime d\u00e9clarant que l&rsquo;h\u00f4pital avait refus\u00e9 d&rsquo;admettre sa fille, qui souffrait d&rsquo;une <strong>appendicite aigu\u00eb<\/strong>, au motif qu&rsquo;elle ne b\u00e9n\u00e9ficiait pas d&rsquo;une couverture sociale. Il d\u00e9clare \u00e9galement que l&rsquo;administration de l&rsquo;h\u00f4pital <strong>a exig\u00e9 le paiement de 67 dinars<\/strong> pour fournir le traitement n\u00e9cessaire, qu&rsquo;il n&rsquo;a pas pu fournir \u00e0 temps, ce qui a conduit \u00e0 la d\u00e9t\u00e9rioration de son \u00e9tat et \u00e0 son d\u00e9c\u00e8s quelques heures plus tard.  <\/p>\n\n<p>La vid\u00e9o a suscit\u00e9 une grande col\u00e8re parmi les Tunisiens, qui consid\u00e8rent que ce qui s&rsquo;est pass\u00e9 refl\u00e8te un dysfonctionnement structurel du syst\u00e8me de sant\u00e9 et soul\u00e8ve des questions sur le droit au traitement et \u00e0 la dignit\u00e9 humaine au sein des institutions publiques. <\/p>\n\n<h3 class=\"wp-block-heading\">Appel \u00e0 la responsabilit\u00e9<\/h3>\n\n<p>Les organisations de d\u00e9fense des droits de l&rsquo;homme et les militants des m\u00e9dias sociaux ont demand\u00e9 que la v\u00e9rit\u00e9 soit r\u00e9v\u00e9l\u00e9e et que toute personne impliqu\u00e9e dans cette trag\u00e9die soit tenue pour responsable, que ce soit par n\u00e9gligence ou par violation des proc\u00e9dures juridiques et humanitaires qui garantissent aux citoyens leur droit \u00e0 des soins de sant\u00e9 urgents. <\/p>\n\n<p>En attendant les r\u00e9sultats des enqu\u00eates, cet incident reste un t\u00e9moignage douloureux des d\u00e9fis auxquels est confront\u00e9 le syst\u00e8me de sant\u00e9 publique en Tunisie et de la n\u00e9cessit\u00e9 de le r\u00e9former pour garantir la justice sanitaire pour tous sans exception.  <\/p>\n","protected":false},"excerpt":{"rendered":"<p>Le minist\u00e8re public pr\u00e8s le tribunal de premi\u00e8re instance de Gafsa a annonc\u00e9 l&rsquo;ouverture d&rsquo;une enqu\u00eate criminelle sur les circonstances de la mort d&rsquo;une jeune femme de 21 ans, d\u00e9c\u00e9d\u00e9e mardi \u00e0 l&rsquo;h\u00f4pital r\u00e9gional Hussein Bouziane apr\u00e8s que son \u00e9tat de sant\u00e9 se soit soudainement d\u00e9t\u00e9rior\u00e9. L&rsquo;unit\u00e9 d&rsquo;enqu\u00eate criminelle de la zone de s\u00e9curit\u00e9 nationale [&hellip;]<\/p>\n","protected":false},"author":4,"featured_media":7448,"comment_status":"open","ping_status":"open","sticky":false,"template":"","format":"standard","meta":{"footnotes":""},"categories":[68],"tags":[],"class_list":{"0":"post-7452","1":"post","2":"type-post","3":"status-publish","4":"format-standard","5":"has-post-thumbnail","7":"category-communaute"},"_links":{"self":[{"href":"https:\/\/live-kora-tv.com\/fr\/wp-json\/wp\/v2\/posts\/7452","targetHints":{"allow":["GET"]}}],"collection":[{"href":"https:\/\/live-kora-tv.com\/fr\/wp-json\/wp\/v2\/posts"}],"about":[{"href":"https:\/\/live-kora-tv.com\/fr\/wp-json\/wp\/v2\/types\/post"}],"author":[{"embeddable":true,"href":"https:\/\/live-kora-tv.com\/fr\/wp-json\/wp\/v2\/users\/4"}],"replies":[{"embeddable":true,"href":"https:\/\/live-kora-tv.com\/fr\/wp-json\/wp\/v2\/comments?post=7452"}],"version-history":[{"count":1,"href":"https:\/\/live-kora-tv.com\/fr\/wp-json\/wp\/v2\/posts\/7452\/revisions"}],"predecessor-version":[{"id":7453,"href":"https:\/\/live-kora-tv.com\/fr\/wp-json\/wp\/v2\/posts\/7452\/revisions\/7453"}],"wp:featuredmedia":[{"embeddable":true,"href":"https:\/\/live-kora-tv.com\/fr\/wp-json\/wp\/v2\/media\/7448"}],"wp:attachment":[{"href":"https:\/\/live-kora-tv.com\/fr\/wp-json\/wp\/v2\/media?parent=7452"}],"wp:term":[{"taxonomy":"category","embeddable":true,"href":"https:\/\/live-kora-tv.com\/fr\/wp-json\/wp\/v2\/categories?post=7452"},{"taxonomy":"post_tag","embeddable":true,"href":"https:\/\/live-kora-tv.com\/fr\/wp-json\/wp\/v2\/tags?post=7452"}],"curies":[{"name":"wp","href":"https:\/\/api.w.org\/{rel}","templated":true}]}}