{"id":7459,"date":"2025-07-25T09:15:31","date_gmt":"2025-07-25T06:15:31","guid":{"rendered":"https:\/\/live-kora-tv.com\/macron-annonce-la-france-reconnaitra-officiellement-letat-de-palestine-en-septembre\/"},"modified":"2025-07-25T09:15:33","modified_gmt":"2025-07-25T06:15:33","slug":"macron-annonce-la-france-reconnaitra-officiellement-letat-de-palestine-en-septembre","status":"publish","type":"post","link":"https:\/\/live-kora-tv.com\/fr\/macron-annonce-la-france-reconnaitra-officiellement-letat-de-palestine-en-septembre\/","title":{"rendered":"Macron annonce : La France reconna\u00eetra officiellement l&rsquo;\u00c9tat de Palestine en septembre."},"content":{"rendered":"\n<p>Le pr\u00e9sident fran\u00e7ais Emmanuel Macron a annonc\u00e9 dans une d\u00e9claration officielle publi\u00e9e sur X (anciennement Twitter) que <strong>la France allait reconna\u00eetre l&rsquo;\u00c9tat de Palestine<\/strong>, indiquant que l&rsquo;annonce officielle de cette d\u00e9cision aurait lieu lors de l&rsquo;<strong>Assembl\u00e9e g\u00e9n\u00e9rale de l&rsquo;ONU<\/strong> en septembre.  <\/p>\n\n<p>M. Macron a soulign\u00e9 dans sa d\u00e9claration que cette reconnaissance s&rsquo;inscrit dans le cadre du soutien de son pays \u00e0 la \u00ab\u00a0solution des deux \u00c9tats\u00a0\u00bb et de ses efforts pour promouvoir les efforts de paix au Moyen-Orient, estimant que \u00ab\u00a0la reconnaissance de l&rsquo;\u00c9tat de Palestine est une \u00e9tape n\u00e9cessaire pour r\u00e9tablir l&rsquo;\u00e9quilibre politique et r\u00e9aliser les aspirations des peuples palestinien et isra\u00e9lien \u00e0 la s\u00e9curit\u00e9 et \u00e0 la stabilit\u00e9\u00a0\u00bb. <\/p>\n\n<p><strong>Hussein al-Sheikh<\/strong>, le vice-pr\u00e9sident palestinien, s&rsquo;est f\u00e9licit\u00e9 de cette annonce et a \u00e9crit sur son compte X : <\/p>\n\n<blockquote class=\"wp-block-quote is-layout-flow wp-block-quote-is-layout-flow\">\n<p>\u00ab\u00a0Cette position refl\u00e8te l&rsquo;adh\u00e9sion de la France au droit international et son soutien aux droits du peuple palestinien \u00e0 l&rsquo;autod\u00e9termination et \u00e0 la cr\u00e9ation d&rsquo;un \u00c9tat ind\u00e9pendant. <\/p>\n<\/blockquote>\n\n<p>Cette d\u00e9cision fran\u00e7aise constitue un <strong>tournant diplomatique<\/strong> majeur dans la position europ\u00e9enne sur le conflit isra\u00e9lo-palestinien et pourrait ouvrir la voie \u00e0 la reconnaissance de l&rsquo;\u00c9tat de Palestine par d&rsquo;autres pays, notamment \u00e0 la lumi\u00e8re de l&rsquo;escalade des appels internationaux \u00e0 mettre fin \u00e0 l&rsquo;occupation et \u00e0 relancer le processus de n\u00e9gociation.  <\/p>\n","protected":false},"excerpt":{"rendered":"<p>Le pr\u00e9sident fran\u00e7ais Emmanuel Macron a annonc\u00e9 dans une d\u00e9claration officielle publi\u00e9e sur X (anciennement Twitter) que la France allait reconna\u00eetre l&rsquo;\u00c9tat de Palestine, indiquant que l&rsquo;annonce officielle de cette d\u00e9cision aurait lieu lors de l&rsquo;Assembl\u00e9e g\u00e9n\u00e9rale de l&rsquo;ONU en septembre. M. Macron a soulign\u00e9 dans sa d\u00e9claration que cette reconnaissance s&rsquo;inscrit dans le cadre [&hellip;]<\/p>\n","protected":false},"author":4,"featured_media":7457,"comment_status":"open","ping_status":"open","sticky":false,"template":"","format":"standard","meta":{"footnotes":""},"categories":[25],"tags":[],"class_list":{"0":"post-7459","1":"post","2":"type-post","3":"status-publish","4":"format-standard","5":"has-post-thumbnail","7":"category-actualites-politiques"},"_links":{"self":[{"href":"https:\/\/live-kora-tv.com\/fr\/wp-json\/wp\/v2\/posts\/7459","targetHints":{"allow":["GET"]}}],"collection":[{"href":"https:\/\/live-kora-tv.com\/fr\/wp-json\/wp\/v2\/posts"}],"about":[{"href":"https:\/\/live-kora-tv.com\/fr\/wp-json\/wp\/v2\/types\/post"}],"author":[{"embeddable":true,"href":"https:\/\/live-kora-tv.com\/fr\/wp-json\/wp\/v2\/users\/4"}],"replies":[{"embeddable":true,"href":"https:\/\/live-kora-tv.com\/fr\/wp-json\/wp\/v2\/comments?post=7459"}],"version-history":[{"count":1,"href":"https:\/\/live-kora-tv.com\/fr\/wp-json\/wp\/v2\/posts\/7459\/revisions"}],"predecessor-version":[{"id":7460,"href":"https:\/\/live-kora-tv.com\/fr\/wp-json\/wp\/v2\/posts\/7459\/revisions\/7460"}],"wp:featuredmedia":[{"embeddable":true,"href":"https:\/\/live-kora-tv.com\/fr\/wp-json\/wp\/v2\/media\/7457"}],"wp:attachment":[{"href":"https:\/\/live-kora-tv.com\/fr\/wp-json\/wp\/v2\/media?parent=7459"}],"wp:term":[{"taxonomy":"category","embeddable":true,"href":"https:\/\/live-kora-tv.com\/fr\/wp-json\/wp\/v2\/categories?post=7459"},{"taxonomy":"post_tag","embeddable":true,"href":"https:\/\/live-kora-tv.com\/fr\/wp-json\/wp\/v2\/tags?post=7459"}],"curies":[{"name":"wp","href":"https:\/\/api.w.org\/{rel}","templated":true}]}}