{"id":7483,"date":"2025-07-25T10:33:20","date_gmt":"2025-07-25T07:33:20","guid":{"rendered":"https:\/\/live-kora-tv.com\/meteo-en-tunisie-le-vendredi-25-juillet-2025-fortes-chaleurs-et-vents-violents-attendus\/"},"modified":"2025-07-25T10:33:22","modified_gmt":"2025-07-25T07:33:22","slug":"meteo-en-tunisie-le-vendredi-25-juillet-2025-fortes-chaleurs-et-vents-violents-attendus","status":"publish","type":"post","link":"https:\/\/live-kora-tv.com\/fr\/meteo-en-tunisie-le-vendredi-25-juillet-2025-fortes-chaleurs-et-vents-violents-attendus\/","title":{"rendered":"M\u00e9t\u00e9o en Tunisie le vendredi 25 juillet 2025 : Fortes chaleurs et vents violents attendus"},"content":{"rendered":"\n<p><\/p>\n\n<p>L&rsquo;Institut national de m\u00e9t\u00e9orologie (INM) pr\u00e9voit que le pays conna\u00eetra un temps extr\u00eamement chaud le vendredi 25 juillet 2025, avec des temp\u00e9ratures maximales qui devraient atteindre <strong>48 degr\u00e9s Celsius<\/strong> dans un certain nombre de r\u00e9gions int\u00e9rieures, en particulier dans le sud-ouest et le centre.  <\/p>\n\n<h3 class=\"wp-block-heading\">Pr\u00e9visions m\u00e9t\u00e9orologiques :<\/h3>\n\n<ul class=\"wp-block-list\">\n<li>Le <strong>temps<\/strong> sera chaud \u00e0 tr\u00e8s chaud avec un ciel clair \u00e0 partiellement nuageux, tandis que des <strong>orages locaux<\/strong> devraient appara\u00eetre au cours de l&rsquo;apr\u00e8s-midi, en particulier dans les r\u00e9gions occidentales.  <\/li>\n\n\n\n<li><strong>Les vents<\/strong> seront de secteur sud, mod\u00e9r\u00e9s \u00e0 relativement forts, et pourront provoquer des <strong>temp\u00eates de sable<\/strong> dans certaines r\u00e9gions du sud.  <\/li>\n\n\n\n<li>La <strong>mer<\/strong> sera agit\u00e9e <strong>\u00e0 tr\u00e8s agit\u00e9e<\/strong>, surtout dans les r\u00e9gions c\u00f4ti\u00e8res du nord au cours des derni\u00e8res heures de la journ\u00e9e.<\/li>\n<\/ul>\n\n<h3 class=\"wp-block-heading\">Temp\u00e9ratures par r\u00e9gion :<\/h3>\n\n<ul class=\"wp-block-list\">\n<li><strong>Tozeur, Kebili, Kairouan <\/strong>: Entre 46 et 48 degr\u00e9s centigrades<\/li>\n\n\n\n<li><strong>Gafsa, Sidi Bouzid, Medenine  <\/strong>: Entre 44 et 46 degr\u00e9s<\/li>\n\n\n\n<li><strong>Grande Tunisie, Sahel <\/strong>: 38 \u00e0 42 degr\u00e9s<\/li>\n\n\n\n<li><strong>Zones c\u00f4ti\u00e8res du nord<\/strong>: Entre 36 et 40 degr\u00e9s<\/li>\n<\/ul>\n\n<p>Les m\u00e9t\u00e9orologues conseillent d&rsquo;\u00e9viter les expositions prolong\u00e9es au soleil durant l&rsquo;apr\u00e8s-midi, de boire suffisamment d&rsquo;eau et d&rsquo;\u00eatre prudent lors des d\u00e9placements dans les zones susceptibles de conna\u00eetre des vents violents ou des sables mouvants.  <\/p>\n","protected":false},"excerpt":{"rendered":"<p>L&rsquo;Institut national de m\u00e9t\u00e9orologie (INM) pr\u00e9voit que le pays conna\u00eetra un temps extr\u00eamement chaud le vendredi 25 juillet 2025, avec des temp\u00e9ratures maximales qui devraient atteindre 48 degr\u00e9s Celsius dans un certain nombre de r\u00e9gions int\u00e9rieures, en particulier dans le sud-ouest et le centre. Pr\u00e9visions m\u00e9t\u00e9orologiques : Temp\u00e9ratures par r\u00e9gion : Les m\u00e9t\u00e9orologues conseillent d&rsquo;\u00e9viter [&hellip;]<\/p>\n","protected":false},"author":4,"featured_media":7463,"comment_status":"open","ping_status":"open","sticky":false,"template":"","format":"standard","meta":{"footnotes":""},"categories":[68],"tags":[],"class_list":{"0":"post-7483","1":"post","2":"type-post","3":"status-publish","4":"format-standard","5":"has-post-thumbnail","7":"category-communaute"},"_links":{"self":[{"href":"https:\/\/live-kora-tv.com\/fr\/wp-json\/wp\/v2\/posts\/7483","targetHints":{"allow":["GET"]}}],"collection":[{"href":"https:\/\/live-kora-tv.com\/fr\/wp-json\/wp\/v2\/posts"}],"about":[{"href":"https:\/\/live-kora-tv.com\/fr\/wp-json\/wp\/v2\/types\/post"}],"author":[{"embeddable":true,"href":"https:\/\/live-kora-tv.com\/fr\/wp-json\/wp\/v2\/users\/4"}],"replies":[{"embeddable":true,"href":"https:\/\/live-kora-tv.com\/fr\/wp-json\/wp\/v2\/comments?post=7483"}],"version-history":[{"count":1,"href":"https:\/\/live-kora-tv.com\/fr\/wp-json\/wp\/v2\/posts\/7483\/revisions"}],"predecessor-version":[{"id":7484,"href":"https:\/\/live-kora-tv.com\/fr\/wp-json\/wp\/v2\/posts\/7483\/revisions\/7484"}],"wp:featuredmedia":[{"embeddable":true,"href":"https:\/\/live-kora-tv.com\/fr\/wp-json\/wp\/v2\/media\/7463"}],"wp:attachment":[{"href":"https:\/\/live-kora-tv.com\/fr\/wp-json\/wp\/v2\/media?parent=7483"}],"wp:term":[{"taxonomy":"category","embeddable":true,"href":"https:\/\/live-kora-tv.com\/fr\/wp-json\/wp\/v2\/categories?post=7483"},{"taxonomy":"post_tag","embeddable":true,"href":"https:\/\/live-kora-tv.com\/fr\/wp-json\/wp\/v2\/tags?post=7483"}],"curies":[{"name":"wp","href":"https:\/\/api.w.org\/{rel}","templated":true}]}}