{"id":785,"date":"2024-11-27T09:53:44","date_gmt":"2024-11-27T09:53:44","guid":{"rendered":"https:\/\/live-kora-tv.com\/?p=785"},"modified":"2024-11-27T09:53:46","modified_gmt":"2024-11-27T09:53:46","slug":"ce-mercredi-entree-en-vigueur-dune-treve-au-liban","status":"publish","type":"post","link":"https:\/\/live-kora-tv.com\/fr\/ce-mercredi-entree-en-vigueur-dune-treve-au-liban\/","title":{"rendered":"Ce mercredi, entr\u00e9e en vigueur d\u2019une tr\u00eave au Liban"},"content":{"rendered":"\n<p>Une tr\u00eave a \u00e9t\u00e9 instaur\u00e9e ce mercredi matin \u00e0 4 heures au Liban, marquant une pause dans les tensions qui secouent la r\u00e9gion. L\u2019annonce a \u00e9t\u00e9 faite en direct par le Premier ministre isra\u00e9lien Benyamin N\u00e9tanyahou, qui a d\u00e9clar\u00e9 qu&rsquo;il \u00e9tait temps de mettre en place une cessation des hostilit\u00e9s.<\/p>\n\n\n\n<p>Quelques heures apr\u00e8s cette d\u00e9claration, le gouvernement isra\u00e9lien a officiellement approuv\u00e9 l&rsquo;accord de cessez-le-feu propos\u00e9 par N\u00e9tanyahou, selon un communiqu\u00e9 de son bureau.<\/p>\n\n\n\n<p>Cet accord, consid\u00e9r\u00e9 comme un effort significatif pour r\u00e9duire les tensions dans la r\u00e9gion, b\u00e9n\u00e9ficie \u00e9galement du soutien des \u00c9tats-Unis et de la France. Ces deux nations se sont engag\u00e9es \u00e0 travailler en coordination avec Isra\u00ebl et le Liban pour garantir le respect et l\u2019application compl\u00e8te de la tr\u00eave.<\/p>\n\n\n\n<p>Ce cessez-le-feu marque une \u00e9tape importante dans les efforts internationaux pour apaiser la situation, m\u00eame si la stabilit\u00e9 \u00e0 long terme reste un d\u00e9fi.<\/p>\n","protected":false},"excerpt":{"rendered":"<p>Une tr\u00eave a \u00e9t\u00e9 instaur\u00e9e ce mercredi matin \u00e0 4 heures au Liban, marquant une pause dans les tensions qui secouent la r\u00e9gion. L\u2019annonce a \u00e9t\u00e9 faite en direct par le Premier ministre isra\u00e9lien Benyamin N\u00e9tanyahou, qui a d\u00e9clar\u00e9 qu&rsquo;il \u00e9tait temps de mettre en place une cessation des hostilit\u00e9s. Quelques heures apr\u00e8s cette d\u00e9claration, [&hellip;]<\/p>\n","protected":false},"author":1,"featured_media":786,"comment_status":"open","ping_status":"open","sticky":false,"template":"","format":"standard","meta":{"footnotes":""},"categories":[25],"tags":[],"class_list":{"0":"post-785","1":"post","2":"type-post","3":"status-publish","4":"format-standard","5":"has-post-thumbnail","7":"category-actualites-politiques"},"_links":{"self":[{"href":"https:\/\/live-kora-tv.com\/fr\/wp-json\/wp\/v2\/posts\/785","targetHints":{"allow":["GET"]}}],"collection":[{"href":"https:\/\/live-kora-tv.com\/fr\/wp-json\/wp\/v2\/posts"}],"about":[{"href":"https:\/\/live-kora-tv.com\/fr\/wp-json\/wp\/v2\/types\/post"}],"author":[{"embeddable":true,"href":"https:\/\/live-kora-tv.com\/fr\/wp-json\/wp\/v2\/users\/1"}],"replies":[{"embeddable":true,"href":"https:\/\/live-kora-tv.com\/fr\/wp-json\/wp\/v2\/comments?post=785"}],"version-history":[{"count":1,"href":"https:\/\/live-kora-tv.com\/fr\/wp-json\/wp\/v2\/posts\/785\/revisions"}],"predecessor-version":[{"id":788,"href":"https:\/\/live-kora-tv.com\/fr\/wp-json\/wp\/v2\/posts\/785\/revisions\/788"}],"wp:featuredmedia":[{"embeddable":true,"href":"https:\/\/live-kora-tv.com\/fr\/wp-json\/wp\/v2\/media\/786"}],"wp:attachment":[{"href":"https:\/\/live-kora-tv.com\/fr\/wp-json\/wp\/v2\/media?parent=785"}],"wp:term":[{"taxonomy":"category","embeddable":true,"href":"https:\/\/live-kora-tv.com\/fr\/wp-json\/wp\/v2\/categories?post=785"},{"taxonomy":"post_tag","embeddable":true,"href":"https:\/\/live-kora-tv.com\/fr\/wp-json\/wp\/v2\/tags?post=785"}],"curies":[{"name":"wp","href":"https:\/\/api.w.org\/{rel}","templated":true}]}}