{"id":8116,"date":"2025-08-09T16:10:55","date_gmt":"2025-08-09T13:10:55","guid":{"rendered":"https:\/\/live-kora-tv.com\/le-tournage-de-batman-2-debutera-au-printemps-la-date-de-sortie-du-film\/"},"modified":"2025-08-09T16:10:57","modified_gmt":"2025-08-09T13:10:57","slug":"le-tournage-de-batman-2-debutera-au-printemps-la-date-de-sortie-du-film","status":"publish","type":"post","link":"https:\/\/live-kora-tv.com\/fr\/le-tournage-de-batman-2-debutera-au-printemps-la-date-de-sortie-du-film\/","title":{"rendered":"Le tournage de \u00ab\u00a0Batman 2\u00a0\u00bb d\u00e9butera au printemps : La date de sortie du film"},"content":{"rendered":"\n<p><strong>DC Studios<\/strong> et <strong>Warner Bros<\/strong>. <strong>Le tournage du deuxi\u00e8me volet de la<\/strong> franchise <strong>Batman<\/strong> commencera au <strong>printemps 2026<\/strong>et sa <strong>sortie est pr\u00e9vue pour octobre 2027<\/strong>. Ce projet fait suite au succ\u00e8s de la s\u00e9rie de films Batman, tr\u00e8s acclam\u00e9e, qui mettait en sc\u00e8ne <strong>Robert Pattinson<\/strong> dans le r\u00f4le du h\u00e9ros.<\/p>\n\n<h3 class=\"wp-block-heading\"><strong>Les futurs projets de Pattinson<\/strong><\/h3>\n\n<p><strong>R\u00e9alis\u00e9 par Matt Reeves<\/strong>, \u00ab\u00a0Batman 2\u00a0\u00bb est le troisi\u00e8me <strong>grand projet cin\u00e9matographique<\/strong> de Pattinson dans les ann\u00e9es \u00e0 venir. Pattinson jouera \u00e9galement dans <strong>\u00ab\u00a0Odyssey<\/strong> \u00a0\u00bb de <strong>Christopher Nolan<\/strong> et dans <strong>\u00ab\u00a0Dune 3\u00a0\u00bb<\/strong> de <strong>Denny Villeneuve<\/strong>, consolidant ainsi sa place dans le monde du cin\u00e9ma. <\/p>\n\n<h3 class=\"wp-block-heading\"><strong>Le succ\u00e8s de l&rsquo;univers DC au cin\u00e9ma et \u00e0 la t\u00e9l\u00e9vision<\/strong><\/h3>\n\n<p>Elle a \u00e9galement soulign\u00e9  <strong>D\u00e9couverte Warner Bros. <\/strong>  Dans une lettre aux <strong>actionnaires<\/strong>, la soci\u00e9t\u00e9 a soulign\u00e9 l&rsquo;<strong>\u00e9norme succ\u00e8s du<\/strong> film <strong> Superman<\/strong>, <strong>r\u00e9alis\u00e9 par James Gunn<\/strong>, qui a lanc\u00e9 l&rsquo;<strong>univers DC<\/strong> au <strong>cin\u00e9ma et \u00e0 la t\u00e9l\u00e9vision<\/strong>. Le film Superman a rapport\u00e9 <strong>pr\u00e8s de 550 millions de dollars \u00e0 l&rsquo;\u00e9chelle mondiale<\/strong>et continue de <strong>se d\u00e9velopper<\/strong>. L&rsquo;univers <strong>DC<\/strong> est l&rsquo;un des <strong>actifs intellectuels<\/strong> les plus <strong>pr\u00e9cieux<\/strong> de la soci\u00e9t\u00e9 et l&rsquo;<strong>un des actifs les plus importants de l&rsquo;industrie du divertissement<\/strong>. <\/p>\n","protected":false},"excerpt":{"rendered":"<p>DC Studios et Warner Bros. Le tournage du deuxi\u00e8me volet de la franchise Batman commencera au printemps 2026et sa sortie est pr\u00e9vue pour octobre 2027. Ce projet fait suite au succ\u00e8s de la s\u00e9rie de films Batman, tr\u00e8s acclam\u00e9e, qui mettait en sc\u00e8ne Robert Pattinson dans le r\u00f4le du h\u00e9ros. Les futurs projets de Pattinson [&hellip;]<\/p>\n","protected":false},"author":4,"featured_media":8073,"comment_status":"open","ping_status":"open","sticky":false,"template":"","format":"standard","meta":{"footnotes":""},"categories":[23],"tags":[],"class_list":{"0":"post-8116","1":"post","2":"type-post","3":"status-publish","4":"format-standard","5":"has-post-thumbnail","7":"category-culture-et-societe"},"_links":{"self":[{"href":"https:\/\/live-kora-tv.com\/fr\/wp-json\/wp\/v2\/posts\/8116","targetHints":{"allow":["GET"]}}],"collection":[{"href":"https:\/\/live-kora-tv.com\/fr\/wp-json\/wp\/v2\/posts"}],"about":[{"href":"https:\/\/live-kora-tv.com\/fr\/wp-json\/wp\/v2\/types\/post"}],"author":[{"embeddable":true,"href":"https:\/\/live-kora-tv.com\/fr\/wp-json\/wp\/v2\/users\/4"}],"replies":[{"embeddable":true,"href":"https:\/\/live-kora-tv.com\/fr\/wp-json\/wp\/v2\/comments?post=8116"}],"version-history":[{"count":1,"href":"https:\/\/live-kora-tv.com\/fr\/wp-json\/wp\/v2\/posts\/8116\/revisions"}],"predecessor-version":[{"id":8117,"href":"https:\/\/live-kora-tv.com\/fr\/wp-json\/wp\/v2\/posts\/8116\/revisions\/8117"}],"wp:featuredmedia":[{"embeddable":true,"href":"https:\/\/live-kora-tv.com\/fr\/wp-json\/wp\/v2\/media\/8073"}],"wp:attachment":[{"href":"https:\/\/live-kora-tv.com\/fr\/wp-json\/wp\/v2\/media?parent=8116"}],"wp:term":[{"taxonomy":"category","embeddable":true,"href":"https:\/\/live-kora-tv.com\/fr\/wp-json\/wp\/v2\/categories?post=8116"},{"taxonomy":"post_tag","embeddable":true,"href":"https:\/\/live-kora-tv.com\/fr\/wp-json\/wp\/v2\/tags?post=8116"}],"curies":[{"name":"wp","href":"https:\/\/api.w.org\/{rel}","templated":true}]}}