{"id":8351,"date":"2025-08-14T16:33:20","date_gmt":"2025-08-14T13:33:20","guid":{"rendered":"https:\/\/live-kora-tv.com\/les-incendies-de-foret-ravagent-le-sud-de-leurope-et-font-de-nombreuses-victimes\/"},"modified":"2025-08-14T16:33:21","modified_gmt":"2025-08-14T13:33:21","slug":"les-incendies-de-foret-ravagent-le-sud-de-leurope-et-font-de-nombreuses-victimes","status":"publish","type":"post","link":"https:\/\/live-kora-tv.com\/fr\/les-incendies-de-foret-ravagent-le-sud-de-leurope-et-font-de-nombreuses-victimes\/","title":{"rendered":"Les incendies de for\u00eat ravagent le sud de l&rsquo;Europe et font de nombreuses victimes"},"content":{"rendered":"\n<p>La canicule et les vents violents continuent d&rsquo;alimenter les <strong>incendies de for\u00eat<\/strong> dans le sud de l&rsquo;Europe, <strong>d\u00e9truisant des maisons, des fermes et des usines<\/strong> et entra\u00eenant l&rsquo;\u00e9vacuation de milliers de r\u00e9sidents et de touristes. <\/p>\n\n<p>En <strong>Gr\u00e8ce<\/strong>, les flammes et la fum\u00e9e s&rsquo;\u00e9l\u00e8vent au-dessus d&rsquo;une <strong>usine de ciment<\/strong> en feu apr\u00e8s qu&rsquo;un incendie de for\u00eat a balay\u00e9 des oliveraies et des for\u00eats et perturb\u00e9 le trafic ferroviaire \u00e0 la p\u00e9riph\u00e9rie de <strong>Patras<\/strong>, \u00e0 l&rsquo;ouest d&rsquo;Ath\u00e8nes, rapporte <em>Reuters<\/em>.<br\/>Les autorit\u00e9s ont ordonn\u00e9 l&rsquo;\u00e9vacuation d&rsquo;une ville d&rsquo;environ 7 700 habitants et ont lanc\u00e9 aujourd&rsquo;hui de nouveaux avertissements aux habitants de deux villages voisins pour qu&rsquo;ils quittent leurs maisons. Les habitants des \u00eeles <strong>de Chios et de C\u00e9phalonie<\/strong>, deux destinations touristiques, ont \u00e9t\u00e9 invit\u00e9s \u00e0 se rendre dans des zones s\u00fbres en raison de la progression des incendies.   <\/p>\n\n<p>En <strong>Espagne<\/strong>, <strong>un pompier volontaire<\/strong> est d\u00e9c\u00e9d\u00e9 des suites de graves br\u00fblures, tandis que d&rsquo;autres ont \u00e9t\u00e9 hospitalis\u00e9s. L&rsquo;agence m\u00e9t\u00e9orologique a pr\u00e9venu que la majeure partie du pays \u00e9tait expos\u00e9e \u00e0 des risques d&rsquo;incendie <strong>graves ou tr\u00e8s graves<\/strong>. En <strong>Castille et L\u00e9on, les<\/strong>incendies qui ont ravag\u00e9 des maisons et des entrep\u00f4ts ont \u00e9t\u00e9 \u00e9teints apr\u00e8s l&rsquo;\u00e9vacuation de plus de <strong>5 000 personnes<\/strong>.  <\/p>\n\n<p>En <strong>Albanie<\/strong>, le ministre de la d\u00e9fense <strong>, Piro Vinjo<\/strong>, a qualifi\u00e9 la situation de \u00ab\u00a0semaine critique\u00a0\u00bb, plusieurs incendies majeurs faisant rage dans le pays. Bien que certains habitants aient regagn\u00e9 leur domicile dans la <strong>ville de Delfina<\/strong>, dans le sud du pays, les autorit\u00e9s restent en \u00e9tat d&rsquo;alerte, la canicule entravant les efforts de lutte contre les incendies.    <\/p>\n\n<p>Au <strong>Portugal<\/strong>, plus de <strong>1 800 pompiers<\/strong> luttent pour circonscrire cinq incendies majeurs dans le nord et le centre du pays, tandis que les autorit\u00e9s du <strong>sud de la France<\/strong> restent en \u00e9tat d&rsquo;alerte pour \u00e9viter la reprise d&rsquo;un gigantesque incendie qui a r\u00e9cemment d\u00e9truit <strong>16 000 hectares.<\/strong>  <\/p>\n","protected":false},"excerpt":{"rendered":"<p>La canicule et les vents violents continuent d&rsquo;alimenter les incendies de for\u00eat dans le sud de l&rsquo;Europe, d\u00e9truisant des maisons, des fermes et des usines et entra\u00eenant l&rsquo;\u00e9vacuation de milliers de r\u00e9sidents et de touristes. En Gr\u00e8ce, les flammes et la fum\u00e9e s&rsquo;\u00e9l\u00e8vent au-dessus d&rsquo;une usine de ciment en feu apr\u00e8s qu&rsquo;un incendie de for\u00eat [&hellip;]<\/p>\n","protected":false},"author":4,"featured_media":8345,"comment_status":"open","ping_status":"open","sticky":false,"template":"","format":"standard","meta":{"footnotes":""},"categories":[69],"tags":[],"class_list":{"0":"post-8351","1":"post","2":"type-post","3":"status-publish","4":"format-standard","5":"has-post-thumbnail","7":"category-nouvelles-du-monde"},"_links":{"self":[{"href":"https:\/\/live-kora-tv.com\/fr\/wp-json\/wp\/v2\/posts\/8351","targetHints":{"allow":["GET"]}}],"collection":[{"href":"https:\/\/live-kora-tv.com\/fr\/wp-json\/wp\/v2\/posts"}],"about":[{"href":"https:\/\/live-kora-tv.com\/fr\/wp-json\/wp\/v2\/types\/post"}],"author":[{"embeddable":true,"href":"https:\/\/live-kora-tv.com\/fr\/wp-json\/wp\/v2\/users\/4"}],"replies":[{"embeddable":true,"href":"https:\/\/live-kora-tv.com\/fr\/wp-json\/wp\/v2\/comments?post=8351"}],"version-history":[{"count":1,"href":"https:\/\/live-kora-tv.com\/fr\/wp-json\/wp\/v2\/posts\/8351\/revisions"}],"predecessor-version":[{"id":8352,"href":"https:\/\/live-kora-tv.com\/fr\/wp-json\/wp\/v2\/posts\/8351\/revisions\/8352"}],"wp:featuredmedia":[{"embeddable":true,"href":"https:\/\/live-kora-tv.com\/fr\/wp-json\/wp\/v2\/media\/8345"}],"wp:attachment":[{"href":"https:\/\/live-kora-tv.com\/fr\/wp-json\/wp\/v2\/media?parent=8351"}],"wp:term":[{"taxonomy":"category","embeddable":true,"href":"https:\/\/live-kora-tv.com\/fr\/wp-json\/wp\/v2\/categories?post=8351"},{"taxonomy":"post_tag","embeddable":true,"href":"https:\/\/live-kora-tv.com\/fr\/wp-json\/wp\/v2\/tags?post=8351"}],"curies":[{"name":"wp","href":"https:\/\/api.w.org\/{rel}","templated":true}]}}