{"id":8462,"date":"2025-08-18T14:02:32","date_gmt":"2025-08-18T11:02:32","guid":{"rendered":"https:\/\/live-kora-tv.com\/le-chef-du-conseil-presidentiel-libyen-en-visite-en-tunisie-pour-renforcer-les-liens-bilateraux\/"},"modified":"2025-08-18T14:02:33","modified_gmt":"2025-08-18T11:02:33","slug":"le-chef-du-conseil-presidentiel-libyen-en-visite-en-tunisie-pour-renforcer-les-liens-bilateraux","status":"publish","type":"post","link":"https:\/\/live-kora-tv.com\/fr\/le-chef-du-conseil-presidentiel-libyen-en-visite-en-tunisie-pour-renforcer-les-liens-bilateraux\/","title":{"rendered":"Le chef du Conseil pr\u00e9sidentiel libyen en visite en Tunisie pour renforcer les liens bilat\u00e9raux"},"content":{"rendered":"\n<p>Le chef du Conseil pr\u00e9sidentiel libyen <strong>en exil, Mohamed Younes<\/strong>, effectuera une visite de travail en Tunisie le lundi 18 ao\u00fbt 2025, selon un communiqu\u00e9 de la Pr\u00e9sidence de la R\u00e9publique tunisienne. <\/p>\n\n<p>Cette visite s&rsquo;inscrit dans le cadre des <strong>relations fraternelles<\/strong> et <strong>historiques<\/strong> entre les peuples tunisien et libyen et vise \u00e0 renforcer la coop\u00e9ration bilat\u00e9rale et \u00e0 discuter des questions communes d&rsquo;int\u00e9r\u00eat r\u00e9gional et international. <\/p>\n\n<p><\/p>\n","protected":false},"excerpt":{"rendered":"<p>Le chef du Conseil pr\u00e9sidentiel libyen en exil, Mohamed Younes, effectuera une visite de travail en Tunisie le lundi 18 ao\u00fbt 2025, selon un communiqu\u00e9 de la Pr\u00e9sidence de la R\u00e9publique tunisienne. Cette visite s&rsquo;inscrit dans le cadre des relations fraternelles et historiques entre les peuples tunisien et libyen et vise \u00e0 renforcer la coop\u00e9ration [&hellip;]<\/p>\n","protected":false},"author":4,"featured_media":8456,"comment_status":"open","ping_status":"open","sticky":false,"template":"","format":"standard","meta":{"footnotes":""},"categories":[25],"tags":[],"class_list":{"0":"post-8462","1":"post","2":"type-post","3":"status-publish","4":"format-standard","5":"has-post-thumbnail","7":"category-actualites-politiques"},"_links":{"self":[{"href":"https:\/\/live-kora-tv.com\/fr\/wp-json\/wp\/v2\/posts\/8462","targetHints":{"allow":["GET"]}}],"collection":[{"href":"https:\/\/live-kora-tv.com\/fr\/wp-json\/wp\/v2\/posts"}],"about":[{"href":"https:\/\/live-kora-tv.com\/fr\/wp-json\/wp\/v2\/types\/post"}],"author":[{"embeddable":true,"href":"https:\/\/live-kora-tv.com\/fr\/wp-json\/wp\/v2\/users\/4"}],"replies":[{"embeddable":true,"href":"https:\/\/live-kora-tv.com\/fr\/wp-json\/wp\/v2\/comments?post=8462"}],"version-history":[{"count":1,"href":"https:\/\/live-kora-tv.com\/fr\/wp-json\/wp\/v2\/posts\/8462\/revisions"}],"predecessor-version":[{"id":8463,"href":"https:\/\/live-kora-tv.com\/fr\/wp-json\/wp\/v2\/posts\/8462\/revisions\/8463"}],"wp:featuredmedia":[{"embeddable":true,"href":"https:\/\/live-kora-tv.com\/fr\/wp-json\/wp\/v2\/media\/8456"}],"wp:attachment":[{"href":"https:\/\/live-kora-tv.com\/fr\/wp-json\/wp\/v2\/media?parent=8462"}],"wp:term":[{"taxonomy":"category","embeddable":true,"href":"https:\/\/live-kora-tv.com\/fr\/wp-json\/wp\/v2\/categories?post=8462"},{"taxonomy":"post_tag","embeddable":true,"href":"https:\/\/live-kora-tv.com\/fr\/wp-json\/wp\/v2\/tags?post=8462"}],"curies":[{"name":"wp","href":"https:\/\/api.w.org\/{rel}","templated":true}]}}