{"id":8841,"date":"2025-08-28T09:52:27","date_gmt":"2025-08-28T06:52:27","guid":{"rendered":"https:\/\/live-kora-tv.com\/ukraine-4-morts-et-plus-de-20-blesses-dans-une-attaque-russe-a-kiev\/"},"modified":"2025-08-28T09:52:29","modified_gmt":"2025-08-28T06:52:29","slug":"ukraine-4-morts-et-plus-de-20-blesses-dans-une-attaque-russe-a-kiev","status":"publish","type":"post","link":"https:\/\/live-kora-tv.com\/fr\/ukraine-4-morts-et-plus-de-20-blesses-dans-une-attaque-russe-a-kiev\/","title":{"rendered":"Ukraine : 4 morts et plus de 20 bless\u00e9s dans une attaque russe \u00e0 Kiev"},"content":{"rendered":"\n<p>Les autorit\u00e9s ukrainiennes ont annonc\u00e9 jeudi que la capitale, Kiev, avait \u00e9t\u00e9 la cible d&rsquo;une attaque de grande envergure au cours de la nuit, avec l&rsquo;utilisation de drones et de missiles russes, <strong>faisant quatre morts et plus de vingt bless\u00e9s<\/strong>, ainsi que des d\u00e9g\u00e2ts consid\u00e9rables \u00e0 des b\u00e2timents r\u00e9sidentiels et \u00e0 des installations dans plusieurs quartiers.  <\/p>\n\n<p>Le ministre de l&rsquo;int\u00e9rieur <strong>, Ihor Klimenko<\/strong>, a d\u00e9clar\u00e9 via Telegram que deux enfants figuraient parmi les victimes, confirmant que le nombre de bless\u00e9s \u00e9tait sup\u00e9rieur \u00e0 vingt. Le maire de Kiev, <strong>Vitaly Klitschko<\/strong>, a chiffr\u00e9 le nombre de bless\u00e9s \u00e0 22, dont trois enfants.   <\/p>\n\n<h3 class=\"wp-block-heading\">D\u00e9tails de l&rsquo;attaque<\/h3>\n\n<p>Selon l&rsquo;administration militaire de la capitale, l&rsquo;attaque russe comprenait des tirs intensifs de drones et de missiles provenant de diff\u00e9rentes directions.<\/p>\n\n<p>Le chef de l&rsquo;administration militaire de Kiev, <strong>Timur Tkachenko<\/strong>, a \u00e9crit sur Telegram :  <em>\u00ab\u00a0Malheureusement, les Russes sont typiques dans leurs attaques&#8230; Des frappes simultan\u00e9es venant de diff\u00e9rentes directions. Ils visent syst\u00e9matiquement les b\u00e2timents r\u00e9sidentiels ordinaires. <\/em><\/p>\n\n<h3 class=\"wp-block-heading\">Dommages physiques<\/h3>\n\n<ul class=\"wp-block-list\">\n<li>Des dizaines de b\u00e2timents r\u00e9sidentiels \u00e0 plusieurs \u00e9tages ont \u00e9t\u00e9 endommag\u00e9s.<\/li>\n\n\n\n<li>Deux b\u00e2timents situ\u00e9s sur les deux rives de la rivi\u00e8re Dnipro ont \u00e9t\u00e9 gravement endommag\u00e9s.<\/li>\n\n\n\n<li>Une partie d&rsquo;un immeuble de cinq \u00e9tages s&rsquo;est effondr\u00e9e dans le quartier de Darnitsky, dans l&rsquo;est de Kiev, alors que les \u00e9quipes de secours continuent de rechercher des personnes pi\u00e9g\u00e9es sous les d\u00e9combres. <\/li>\n<\/ul>\n\n<p>Les autorit\u00e9s ont \u00e9galement indiqu\u00e9 que les \u00e9quipes d&rsquo;urgence s&rsquo;occupaient des cons\u00e9quences de l&rsquo;attentat dans plus de <strong>20 endroits diff\u00e9rents de<\/strong> la capitale, alors que des incendies se sont d\u00e9clar\u00e9s dans plusieurs quartiers de la ville. <\/p>\n","protected":false},"excerpt":{"rendered":"<p>Les autorit\u00e9s ukrainiennes ont annonc\u00e9 jeudi que la capitale, Kiev, avait \u00e9t\u00e9 la cible d&rsquo;une attaque de grande envergure au cours de la nuit, avec l&rsquo;utilisation de drones et de missiles russes, faisant quatre morts et plus de vingt bless\u00e9s, ainsi que des d\u00e9g\u00e2ts consid\u00e9rables \u00e0 des b\u00e2timents r\u00e9sidentiels et \u00e0 des installations dans plusieurs [&hellip;]<\/p>\n","protected":false},"author":6,"featured_media":8839,"comment_status":"open","ping_status":"open","sticky":false,"template":"","format":"standard","meta":{"footnotes":""},"categories":[69],"tags":[],"class_list":{"0":"post-8841","1":"post","2":"type-post","3":"status-publish","4":"format-standard","5":"has-post-thumbnail","7":"category-nouvelles-du-monde"},"_links":{"self":[{"href":"https:\/\/live-kora-tv.com\/fr\/wp-json\/wp\/v2\/posts\/8841","targetHints":{"allow":["GET"]}}],"collection":[{"href":"https:\/\/live-kora-tv.com\/fr\/wp-json\/wp\/v2\/posts"}],"about":[{"href":"https:\/\/live-kora-tv.com\/fr\/wp-json\/wp\/v2\/types\/post"}],"author":[{"embeddable":true,"href":"https:\/\/live-kora-tv.com\/fr\/wp-json\/wp\/v2\/users\/6"}],"replies":[{"embeddable":true,"href":"https:\/\/live-kora-tv.com\/fr\/wp-json\/wp\/v2\/comments?post=8841"}],"version-history":[{"count":1,"href":"https:\/\/live-kora-tv.com\/fr\/wp-json\/wp\/v2\/posts\/8841\/revisions"}],"predecessor-version":[{"id":8842,"href":"https:\/\/live-kora-tv.com\/fr\/wp-json\/wp\/v2\/posts\/8841\/revisions\/8842"}],"wp:featuredmedia":[{"embeddable":true,"href":"https:\/\/live-kora-tv.com\/fr\/wp-json\/wp\/v2\/media\/8839"}],"wp:attachment":[{"href":"https:\/\/live-kora-tv.com\/fr\/wp-json\/wp\/v2\/media?parent=8841"}],"wp:term":[{"taxonomy":"category","embeddable":true,"href":"https:\/\/live-kora-tv.com\/fr\/wp-json\/wp\/v2\/categories?post=8841"},{"taxonomy":"post_tag","embeddable":true,"href":"https:\/\/live-kora-tv.com\/fr\/wp-json\/wp\/v2\/tags?post=8841"}],"curies":[{"name":"wp","href":"https:\/\/api.w.org\/{rel}","templated":true}]}}