{"id":8847,"date":"2025-08-28T10:24:59","date_gmt":"2025-08-28T07:24:59","guid":{"rendered":"https:\/\/live-kora-tv.com\/le-ministre-de-la-sante-recommande-de-lancer-le-projet-dexpansion-de-linstitut-national-de-nutrition\/"},"modified":"2025-08-28T10:25:01","modified_gmt":"2025-08-28T07:25:01","slug":"le-ministre-de-la-sante-recommande-de-lancer-le-projet-dexpansion-de-linstitut-national-de-nutrition","status":"publish","type":"post","link":"https:\/\/live-kora-tv.com\/fr\/le-ministre-de-la-sante-recommande-de-lancer-le-projet-dexpansion-de-linstitut-national-de-nutrition\/","title":{"rendered":"Le ministre de la sant\u00e9 recommande de lancer le projet d&rsquo;expansion de l&rsquo;Institut national de nutrition"},"content":{"rendered":"\n<p>Le ministre de la sant\u00e9 <strong>, Mustafa Al-Farjani<\/strong>, a recommand\u00e9 que le projet d&rsquo;expansion de l&rsquo;<strong>Institut national de nutrition et de technologie alimentaire Zuhair Al-Qallal<\/strong>soit lanc\u00e9 pour r\u00e9pondre \u00e0 la demande croissante de ses services m\u00e9dicaux et hospitaliers.<\/p>\n\n<p>Le ministre s&rsquo;est rendu sur place mercredi soir pour inspecter les services hospitaliers, les cliniques et les installations vitales de l&rsquo;institut, et a \u00e9cout\u00e9 les pr\u00e9occupations et les observations des citoyens concernant les services de sant\u00e9 fournis.  <\/p>\n\n<h3 class=\"wp-block-heading\">Am\u00e9liorer les services de sant\u00e9<\/h3>\n\n<p>Al-Farjani a insist\u00e9 sur ce point :<\/p>\n\n<ul class=\"wp-block-list\">\n<li>La n\u00e9cessit\u00e9 d&rsquo;am\u00e9liorer les conditions de prise en charge des patients.<\/li>\n\n\n\n<li>Promouvoir l&rsquo;utilisation de la num\u00e9risation dans l&rsquo;organisation du travail.<\/li>\n\n\n\n<li>Adopter un service de rendez-vous en ligne pour faciliter les proc\u00e9dures.<\/li>\n<\/ul>\n\n<p>Il a soulign\u00e9 que le citoyen reste au centre des priorit\u00e9s du minist\u00e8re de la sant\u00e9, notant que l&rsquo;am\u00e9lioration de la qualit\u00e9 des services de sant\u00e9 est un objectif cl\u00e9 et un principe constant dans toutes les organisations du secteur de la sant\u00e9. <\/p>\n\n<p><\/p>\n","protected":false},"excerpt":{"rendered":"<p>Le ministre de la sant\u00e9 , Mustafa Al-Farjani, a recommand\u00e9 que le projet d&rsquo;expansion de l&rsquo;Institut national de nutrition et de technologie alimentaire Zuhair Al-Qallalsoit lanc\u00e9 pour r\u00e9pondre \u00e0 la demande croissante de ses services m\u00e9dicaux et hospitaliers. Le ministre s&rsquo;est rendu sur place mercredi soir pour inspecter les services hospitaliers, les cliniques et les [&hellip;]<\/p>\n","protected":false},"author":6,"featured_media":8845,"comment_status":"open","ping_status":"open","sticky":false,"template":"","format":"standard","meta":{"footnotes":""},"categories":[26],"tags":[],"class_list":{"0":"post-8847","1":"post","2":"type-post","3":"status-publish","4":"format-standard","5":"has-post-thumbnail","7":"category-sante"},"_links":{"self":[{"href":"https:\/\/live-kora-tv.com\/fr\/wp-json\/wp\/v2\/posts\/8847","targetHints":{"allow":["GET"]}}],"collection":[{"href":"https:\/\/live-kora-tv.com\/fr\/wp-json\/wp\/v2\/posts"}],"about":[{"href":"https:\/\/live-kora-tv.com\/fr\/wp-json\/wp\/v2\/types\/post"}],"author":[{"embeddable":true,"href":"https:\/\/live-kora-tv.com\/fr\/wp-json\/wp\/v2\/users\/6"}],"replies":[{"embeddable":true,"href":"https:\/\/live-kora-tv.com\/fr\/wp-json\/wp\/v2\/comments?post=8847"}],"version-history":[{"count":1,"href":"https:\/\/live-kora-tv.com\/fr\/wp-json\/wp\/v2\/posts\/8847\/revisions"}],"predecessor-version":[{"id":8848,"href":"https:\/\/live-kora-tv.com\/fr\/wp-json\/wp\/v2\/posts\/8847\/revisions\/8848"}],"wp:featuredmedia":[{"embeddable":true,"href":"https:\/\/live-kora-tv.com\/fr\/wp-json\/wp\/v2\/media\/8845"}],"wp:attachment":[{"href":"https:\/\/live-kora-tv.com\/fr\/wp-json\/wp\/v2\/media?parent=8847"}],"wp:term":[{"taxonomy":"category","embeddable":true,"href":"https:\/\/live-kora-tv.com\/fr\/wp-json\/wp\/v2\/categories?post=8847"},{"taxonomy":"post_tag","embeddable":true,"href":"https:\/\/live-kora-tv.com\/fr\/wp-json\/wp\/v2\/tags?post=8847"}],"curies":[{"name":"wp","href":"https:\/\/api.w.org\/{rel}","templated":true}]}}