{"id":8853,"date":"2025-08-28T11:32:16","date_gmt":"2025-08-28T08:32:16","guid":{"rendered":"https:\/\/live-kora-tv.com\/microsoft-licencie-deux-employes-pour-avoir-proteste-contre-les-liens-de-lentreprise-avec-loccupation\/"},"modified":"2025-08-28T11:32:18","modified_gmt":"2025-08-28T08:32:18","slug":"microsoft-licencie-deux-employes-pour-avoir-proteste-contre-les-liens-de-lentreprise-avec-loccupation","status":"publish","type":"post","link":"https:\/\/live-kora-tv.com\/fr\/microsoft-licencie-deux-employes-pour-avoir-proteste-contre-les-liens-de-lentreprise-avec-loccupation\/","title":{"rendered":"Microsoft licencie deux employ\u00e9s pour avoir protest\u00e9 contre les liens de l&rsquo;entreprise avec l&rsquo;occupation"},"content":{"rendered":"\n<p>Mercredi, <strong>Microsoft<\/strong>a licenci\u00e9 deux employ\u00e9s qui avaient particip\u00e9 \u00e0 un sit-in devant le bureau du pr\u00e9sident de la soci\u00e9t\u00e9, pour protester contre les relations de Microsoft avec l&rsquo;occupant isra\u00e9lien, qui est accus\u00e9 de commettre des crimes de guerre dans la <strong>bande de Gaza<\/strong>.<\/p>\n\n<p>Les deux employ\u00e9s licenci\u00e9s, <strong>Ricky Family<\/strong><strong>et Anna Hatel<\/strong>, ont re\u00e7u un message vocal les informant de leur licenciement. Cette d\u00e9cision fait suite \u00e0 l&rsquo;arrestation par la police de sept manifestants mardi lors du sit-in, dont cinq personnes qui ne travaillent pas actuellement pour l&rsquo;entreprise.<\/p>\n\n<p>\u00a0\u00bb <em>Nous sommes ici parce que Microsoft continue de fournir \u00e0 Isra\u00ebl les outils dont il a besoin pour commettre un g\u00e9nocide, tout en trompant ses employ\u00e9s sur cette r\u00e9alit\u00e9\u00a0\u00bb,<\/em> a d\u00e9clar\u00e9 M. Hatel dans un communiqu\u00e9 publi\u00e9 hier.<\/p>\n\n<h3 class=\"wp-block-heading\">Campagne contre la collaboration de Microsoft avec Isra\u00ebl<\/h3>\n\n<p><strong>No<\/strong> Azure for Apartheid a lanc\u00e9 une campagne appelant l&rsquo;entreprise \u00e0.. :<\/p>\n\n<ul class=\"wp-block-list\">\n<li>Couper les liens avec Isra\u00ebl.<\/li>\n\n\n\n<li>Verser des indemnit\u00e9s aux Palestiniens concern\u00e9s.<\/li>\n<\/ul>\n\n<p>Microsoft a fait valoir que les employ\u00e9s avaient commis ce qu&rsquo;elle a d\u00e9crit comme de \u00ab\u00a0graves violations des politiques et du code de conduite de l&rsquo;entreprise\u00a0\u00bb en s <em>&lsquo;introduisant dans les bureaux des dirigeants<\/em>.  <\/p>\n\n<p>Le pr\u00e9sident de la soci\u00e9t\u00e9 <strong>, Brad Smith,<\/strong> a d\u00e9clar\u00e9 mardi : <em>\u00ab\u00a0Nous respectons la libert\u00e9 d&rsquo;expression dont jouit tout un chacun dans ce pays, tant qu&rsquo;il le fait en toute l\u00e9galit\u00e9.<\/em><\/p>\n\n<h3 class=\"wp-block-heading\">Utiliser les technologies Azure pour surveiller les Palestiniens<\/h3>\n\n<p>Une enqu\u00eate conjointe men\u00e9e par <strong>The Guardian<\/strong> et d&rsquo;autres a r\u00e9v\u00e9l\u00e9 que l&rsquo;arm\u00e9e d&rsquo;occupation utilisait le logiciel <strong>Microsoft Azure<\/strong> pour stocker des quantit\u00e9s massives d&rsquo;enregistrements d&rsquo;appels de Palestiniens en Cisjordanie et dans la bande de Gaza. L&rsquo;enqu\u00eate a confirm\u00e9 que l&rsquo;arm\u00e9e d&rsquo;occupation s&rsquo;appuyait sur cette technologie pour mener des op\u00e9rations de surveillance \u00e0 grande \u00e9chelle. <\/p>\n\n<p>En r\u00e9ponse, Microsoft a annonc\u00e9 au d\u00e9but du mois qu&rsquo;elle avait engag\u00e9 un cabinet d&rsquo;avocats ind\u00e9pendant pour mener une enqu\u00eate, alors que les protestations d&rsquo;anciens et d&rsquo;actuels employ\u00e9s concernant les liens continus de l&rsquo;entreprise avec l&rsquo;occupation s&rsquo;intensifient.  <\/p>\n\n<p>En avril, Microsoft a licenci\u00e9 deux employ\u00e9es apr\u00e8s que l&rsquo;une d&rsquo;entre elles a interrompu un discours du PDG d&rsquo;AI <strong>, Mustafa Suleiman<\/strong>, lors d&rsquo;une c\u00e9l\u00e9bration du 50e anniversaire de la soci\u00e9t\u00e9, pour protester contre la collaboration avec Isra\u00ebl. <\/p>\n","protected":false},"excerpt":{"rendered":"<p>Mercredi, Microsofta licenci\u00e9 deux employ\u00e9s qui avaient particip\u00e9 \u00e0 un sit-in devant le bureau du pr\u00e9sident de la soci\u00e9t\u00e9, pour protester contre les relations de Microsoft avec l&rsquo;occupant isra\u00e9lien, qui est accus\u00e9 de commettre des crimes de guerre dans la bande de Gaza. Les deux employ\u00e9s licenci\u00e9s, Ricky Familyet Anna Hatel, ont re\u00e7u un message [&hellip;]<\/p>\n","protected":false},"author":6,"featured_media":8851,"comment_status":"open","ping_status":"open","sticky":false,"template":"","format":"standard","meta":{"footnotes":""},"categories":[69],"tags":[],"class_list":{"0":"post-8853","1":"post","2":"type-post","3":"status-publish","4":"format-standard","5":"has-post-thumbnail","7":"category-nouvelles-du-monde"},"_links":{"self":[{"href":"https:\/\/live-kora-tv.com\/fr\/wp-json\/wp\/v2\/posts\/8853","targetHints":{"allow":["GET"]}}],"collection":[{"href":"https:\/\/live-kora-tv.com\/fr\/wp-json\/wp\/v2\/posts"}],"about":[{"href":"https:\/\/live-kora-tv.com\/fr\/wp-json\/wp\/v2\/types\/post"}],"author":[{"embeddable":true,"href":"https:\/\/live-kora-tv.com\/fr\/wp-json\/wp\/v2\/users\/6"}],"replies":[{"embeddable":true,"href":"https:\/\/live-kora-tv.com\/fr\/wp-json\/wp\/v2\/comments?post=8853"}],"version-history":[{"count":1,"href":"https:\/\/live-kora-tv.com\/fr\/wp-json\/wp\/v2\/posts\/8853\/revisions"}],"predecessor-version":[{"id":8854,"href":"https:\/\/live-kora-tv.com\/fr\/wp-json\/wp\/v2\/posts\/8853\/revisions\/8854"}],"wp:featuredmedia":[{"embeddable":true,"href":"https:\/\/live-kora-tv.com\/fr\/wp-json\/wp\/v2\/media\/8851"}],"wp:attachment":[{"href":"https:\/\/live-kora-tv.com\/fr\/wp-json\/wp\/v2\/media?parent=8853"}],"wp:term":[{"taxonomy":"category","embeddable":true,"href":"https:\/\/live-kora-tv.com\/fr\/wp-json\/wp\/v2\/categories?post=8853"},{"taxonomy":"post_tag","embeddable":true,"href":"https:\/\/live-kora-tv.com\/fr\/wp-json\/wp\/v2\/tags?post=8853"}],"curies":[{"name":"wp","href":"https:\/\/api.w.org\/{rel}","templated":true}]}}