{"id":8859,"date":"2025-08-28T12:12:26","date_gmt":"2025-08-28T09:12:26","guid":{"rendered":"https:\/\/live-kora-tv.com\/a-partir-du-1er-septembre-nouvelles-procedures-pour-lobtention-du-permis-de-conduire\/"},"modified":"2025-08-28T12:12:28","modified_gmt":"2025-08-28T09:12:28","slug":"a-partir-du-1er-septembre-nouvelles-procedures-pour-lobtention-du-permis-de-conduire","status":"publish","type":"post","link":"https:\/\/live-kora-tv.com\/fr\/a-partir-du-1er-septembre-nouvelles-procedures-pour-lobtention-du-permis-de-conduire\/","title":{"rendered":"\u00c0 partir du 1er septembre. Nouvelles proc\u00e9dures pour l&rsquo;obtention du permis de conduire"},"content":{"rendered":"\n<p><strong>Mohamed El Fadil El Bakoush<\/strong>, pr\u00e9sident de la Chambre syndicale nationale des propri\u00e9taires d&rsquo;\u00e9tablissements de formation \u00e0 la conduite et \u00e0 la s\u00e9curit\u00e9 routi\u00e8re, a annonc\u00e9 l&rsquo;entr\u00e9e en vigueur de nouvelles mesures r\u00e9glementaires concernant le processus d&rsquo;obtention du <strong>permis de conduire<\/strong>, \u00e0 partir du <strong>1er septembre 2025<\/strong>.<\/p>\n\n<p>La plus importante de ces mesures est l&rsquo;obligation de conclure un <strong>contrat de formation<\/strong> entre le candidat et l&rsquo;auto-\u00e9cole avant de commencer les le\u00e7ons, dans le cadre de la mise en \u0153uvre de l&rsquo;ordonnance gouvernementale n\u00b0 510 de 2021, qui r\u00e9glemente le processus de formation pour les permis de conduire, a d\u00e9clar\u00e9 Bakoush dans une d\u00e9claration \u00e0 l&rsquo;\u00e9mission <em>\u00ab\u00a0Ahla Sabah\u00a0\u00bb.<\/em>  <\/p>\n\n<p>Il a expliqu\u00e9 que le contrat d\u00e9finira la relation juridique entre les deux parties, car il comprend des obligations claires et est sign\u00e9 par le candidat et l&rsquo;auto-\u00e9cole, avec la possibilit\u00e9 d&rsquo;ajouter d&rsquo;autres clauses par consentement mutuel, ainsi que de d\u00e9finir les conditions de r\u00e9siliation du contrat.   <\/p>\n\n<p>Il a \u00e9galement soulign\u00e9 que le contrat est obligatoire, mais qu&rsquo;il n&rsquo;est pas un moyen de lier le candidat \u00e0 l&rsquo;institution, d\u00e9mentant les rumeurs qui circulent \u00e0 ce sujet.   Il a ajout\u00e9 :  <em>\u00ab\u00a0Le candidat peut r\u00e9silier le contrat apr\u00e8s l&rsquo;\u00e9preuve de conduite ou l&rsquo;\u00e9preuve de code de la route en cas d&rsquo;\u00e9chec, et peut le r\u00e9silier m\u00eame sans avoir r\u00e9ussi les \u00e9preuves une fois les d\u00e9lais expir\u00e9s\u00a0\u00bb. <\/em>.<\/p>\n\n<p>M. Baccouche invite les candidats \u00e0 v\u00e9rifier que le moniteur de conduite poss\u00e8de les qualifications l\u00e9gales requises et que l&rsquo;\u00e9cole est officiellement agr\u00e9\u00e9e. <\/p>\n\n<h4 class=\"wp-block-heading\">Documents requis \u00e0 partir du 1er septembre 2025 :<\/h4>\n\n<ul class=\"wp-block-list\">\n<li>Contrat de formation avec l&rsquo;\u00e9cole de conduite.<\/li>\n\n\n\n<li>Un certificat m\u00e9dical.<\/li>\n\n\n\n<li>Rapport d&rsquo;essai de la commission des soins.<\/li>\n\n\n\n<li>Deux lunettes de soleil.<\/li>\n\n\n\n<li>Une copie de la carte d&rsquo;identit\u00e9 nationale.<\/li>\n<\/ul>\n\n<p><\/p>\n","protected":false},"excerpt":{"rendered":"<p>Mohamed El Fadil El Bakoush, pr\u00e9sident de la Chambre syndicale nationale des propri\u00e9taires d&rsquo;\u00e9tablissements de formation \u00e0 la conduite et \u00e0 la s\u00e9curit\u00e9 routi\u00e8re, a annonc\u00e9 l&rsquo;entr\u00e9e en vigueur de nouvelles mesures r\u00e9glementaires concernant le processus d&rsquo;obtention du permis de conduire, \u00e0 partir du 1er septembre 2025. La plus importante de ces mesures est l&rsquo;obligation [&hellip;]<\/p>\n","protected":false},"author":6,"featured_media":8857,"comment_status":"open","ping_status":"open","sticky":false,"template":"","format":"standard","meta":{"footnotes":""},"categories":[68],"tags":[],"class_list":{"0":"post-8859","1":"post","2":"type-post","3":"status-publish","4":"format-standard","5":"has-post-thumbnail","7":"category-communaute"},"_links":{"self":[{"href":"https:\/\/live-kora-tv.com\/fr\/wp-json\/wp\/v2\/posts\/8859","targetHints":{"allow":["GET"]}}],"collection":[{"href":"https:\/\/live-kora-tv.com\/fr\/wp-json\/wp\/v2\/posts"}],"about":[{"href":"https:\/\/live-kora-tv.com\/fr\/wp-json\/wp\/v2\/types\/post"}],"author":[{"embeddable":true,"href":"https:\/\/live-kora-tv.com\/fr\/wp-json\/wp\/v2\/users\/6"}],"replies":[{"embeddable":true,"href":"https:\/\/live-kora-tv.com\/fr\/wp-json\/wp\/v2\/comments?post=8859"}],"version-history":[{"count":1,"href":"https:\/\/live-kora-tv.com\/fr\/wp-json\/wp\/v2\/posts\/8859\/revisions"}],"predecessor-version":[{"id":8860,"href":"https:\/\/live-kora-tv.com\/fr\/wp-json\/wp\/v2\/posts\/8859\/revisions\/8860"}],"wp:featuredmedia":[{"embeddable":true,"href":"https:\/\/live-kora-tv.com\/fr\/wp-json\/wp\/v2\/media\/8857"}],"wp:attachment":[{"href":"https:\/\/live-kora-tv.com\/fr\/wp-json\/wp\/v2\/media?parent=8859"}],"wp:term":[{"taxonomy":"category","embeddable":true,"href":"https:\/\/live-kora-tv.com\/fr\/wp-json\/wp\/v2\/categories?post=8859"},{"taxonomy":"post_tag","embeddable":true,"href":"https:\/\/live-kora-tv.com\/fr\/wp-json\/wp\/v2\/tags?post=8859"}],"curies":[{"name":"wp","href":"https:\/\/api.w.org\/{rel}","templated":true}]}}