{"id":9002,"date":"2025-09-01T17:01:17","date_gmt":"2025-09-01T14:01:17","guid":{"rendered":"https:\/\/live-kora-tv.com\/plan-de-developpement-2026-2030-plus-de-10-000-projets-dans-la-region-iii-pour-un-cout-de-plus-de-42-milliards-de-dinars\/"},"modified":"2025-09-01T17:01:19","modified_gmt":"2025-09-01T14:01:19","slug":"plan-de-developpement-2026-2030-plus-de-10-000-projets-dans-la-region-iii-pour-un-cout-de-plus-de-42-milliards-de-dinars","status":"publish","type":"post","link":"https:\/\/live-kora-tv.com\/fr\/plan-de-developpement-2026-2030-plus-de-10-000-projets-dans-la-region-iii-pour-un-cout-de-plus-de-42-milliards-de-dinars\/","title":{"rendered":"Plan de d\u00e9veloppement 2026-2030 : Plus de 10.000 projets dans la R\u00e9gion III pour un co\u00fbt de plus de 42 milliards de dinars"},"content":{"rendered":"\n<p><strong>Dans une<\/strong>d\u00e9claration \u00e0 Mosa\u00efque, <strong>Ensaf Bekayri<\/strong>, pr\u00e9sidente du <strong>troisi\u00e8me Conseil r\u00e9gional du Conseil des r\u00e9gions et des territoires<\/strong>, a r\u00e9v\u00e9l\u00e9 le r\u00e9sultat des propositions de projets incluses dans le rapport final du Plan de d\u00e9veloppement r\u00e9gional <strong>2026-2030<\/strong>, qui a \u00e9t\u00e9 approuv\u00e9 par le Conseil et soumis aujourd&rsquo;hui, lundi 1er septembre 2025, au ministre de l&rsquo;\u00c9conomie et de la Planification.<\/p>\n\n<h3 class=\"wp-block-heading\">Taille et co\u00fbt des projets<\/h3>\n\n<p>Le nombre total de propositions dans la r\u00e9gion III, qui comprend les \u00c9tats suivants   <strong>Kasserine, Siliana, Sousse, Kairouan, Monastir et Mahdia <\/strong>Les \u00e9l\u00e9ments suivants :<\/p>\n\n<ul class=\"wp-block-list\">\n<li><strong>10 211 projets de<\/strong> diff\u00e9rents types.<\/li>\n\n\n\n<li>Le co\u00fbt total d\u00e9passe <strong>42 milliards de dinars<\/strong>.<\/li>\n<\/ul>\n\n<h3 class=\"wp-block-heading\">D\u00e9tails de la distribution du projet<\/h3>\n\n<ul class=\"wp-block-list\">\n<li><strong>777 projets en cours<\/strong>: Pour un co\u00fbt d&rsquo;environ <strong>2996,4 millions de dinars<\/strong>.<\/li>\n\n\n\n<li><strong>534 projets pr\u00eats \u00e0 \u00eatre achev\u00e9s<\/strong>: Pour un co\u00fbt de <strong>2995,5 millions de dinars<\/strong>.<\/li>\n\n\n\n<li><strong>8900 nouveaux projets<\/strong>: Pour un co\u00fbt de plus de <strong>38 000 millions de dinars<\/strong> r\u00e9partis \u00e0 travers les provinces de la r\u00e9gion.<\/li>\n<\/ul>\n\n<p>Ces projets sont le r\u00e9sultat de propositions \u00e9manant de conseils r\u00e9gionaux, provinciaux et locaux et refl\u00e8tent les tendances g\u00e9n\u00e9rales du d\u00e9veloppement au cours des cinq prochaines ann\u00e9es, a-t-elle d\u00e9clar\u00e9. <\/p>\n","protected":false},"excerpt":{"rendered":"<p>Dans uned\u00e9claration \u00e0 Mosa\u00efque, Ensaf Bekayri, pr\u00e9sidente du troisi\u00e8me Conseil r\u00e9gional du Conseil des r\u00e9gions et des territoires, a r\u00e9v\u00e9l\u00e9 le r\u00e9sultat des propositions de projets incluses dans le rapport final du Plan de d\u00e9veloppement r\u00e9gional 2026-2030, qui a \u00e9t\u00e9 approuv\u00e9 par le Conseil et soumis aujourd&rsquo;hui, lundi 1er septembre 2025, au ministre de l&rsquo;\u00c9conomie [&hellip;]<\/p>\n","protected":false},"author":6,"featured_media":9000,"comment_status":"open","ping_status":"open","sticky":false,"template":"","format":"standard","meta":{"footnotes":""},"categories":[24],"tags":[],"class_list":{"0":"post-9002","1":"post","2":"type-post","3":"status-publish","4":"format-standard","5":"has-post-thumbnail","7":"category-economie-et-affaires"},"_links":{"self":[{"href":"https:\/\/live-kora-tv.com\/fr\/wp-json\/wp\/v2\/posts\/9002","targetHints":{"allow":["GET"]}}],"collection":[{"href":"https:\/\/live-kora-tv.com\/fr\/wp-json\/wp\/v2\/posts"}],"about":[{"href":"https:\/\/live-kora-tv.com\/fr\/wp-json\/wp\/v2\/types\/post"}],"author":[{"embeddable":true,"href":"https:\/\/live-kora-tv.com\/fr\/wp-json\/wp\/v2\/users\/6"}],"replies":[{"embeddable":true,"href":"https:\/\/live-kora-tv.com\/fr\/wp-json\/wp\/v2\/comments?post=9002"}],"version-history":[{"count":1,"href":"https:\/\/live-kora-tv.com\/fr\/wp-json\/wp\/v2\/posts\/9002\/revisions"}],"predecessor-version":[{"id":9003,"href":"https:\/\/live-kora-tv.com\/fr\/wp-json\/wp\/v2\/posts\/9002\/revisions\/9003"}],"wp:featuredmedia":[{"embeddable":true,"href":"https:\/\/live-kora-tv.com\/fr\/wp-json\/wp\/v2\/media\/9000"}],"wp:attachment":[{"href":"https:\/\/live-kora-tv.com\/fr\/wp-json\/wp\/v2\/media?parent=9002"}],"wp:term":[{"taxonomy":"category","embeddable":true,"href":"https:\/\/live-kora-tv.com\/fr\/wp-json\/wp\/v2\/categories?post=9002"},{"taxonomy":"post_tag","embeddable":true,"href":"https:\/\/live-kora-tv.com\/fr\/wp-json\/wp\/v2\/tags?post=9002"}],"curies":[{"name":"wp","href":"https:\/\/api.w.org\/{rel}","templated":true}]}}