{"id":9008,"date":"2025-09-01T17:12:45","date_gmt":"2025-09-01T14:12:45","guid":{"rendered":"https:\/\/live-kora-tv.com\/connect-annonce-la-reprise-de-lactivite-des-entreprises-de-transport-par-wagons\/"},"modified":"2025-09-01T17:12:46","modified_gmt":"2025-09-01T14:12:46","slug":"connect-annonce-la-reprise-de-lactivite-des-entreprises-de-transport-par-wagons","status":"publish","type":"post","link":"https:\/\/live-kora-tv.com\/fr\/connect-annonce-la-reprise-de-lactivite-des-entreprises-de-transport-par-wagons\/","title":{"rendered":"\u00ab\u00a0Connect annonce la reprise de l&rsquo;activit\u00e9 des entreprises de transport par wagons"},"content":{"rendered":"\n<p>Remorquage, l&rsquo;<strong>association professionnelle des entreprises de transport de marchandises,<\/strong> <em> a<\/em> annonc\u00e9 la <strong>lev\u00e9e de la suspension d&rsquo;activit\u00e9<\/strong> qui avait \u00e9t\u00e9 annonc\u00e9e dans un communiqu\u00e9 du <strong>29 ao\u00fbt 2025<\/strong>.<\/p>\n\n<p>Cette d\u00e9cision fait suite \u00e0 une s\u00e9ance de travail qui s&rsquo;est tenue le dimanche <strong>31 ao\u00fbt 2025<\/strong>et qui a r\u00e9uni des repr\u00e9sentants de la communaut\u00e9 professionnelle et des responsables de l&rsquo;Assisteur en question.<\/p>\n\n<h3 class=\"wp-block-heading\">Principaux r\u00e9sultats de la r\u00e9union<\/h3>\n\n<ul class=\"wp-block-list\">\n<li>L&rsquo;engagement de la soci\u00e9t\u00e9 \u00e0 r\u00e9gulariser le statut de ses clients transporteurs \u00e0 partir du <strong>5 septembre 2025<\/strong>.<\/li>\n\n\n\n<li>Discutez d&rsquo;un certain nombre de points relatifs au secteur et aux m\u00e9canismes de son d\u00e9veloppement.<\/li>\n<\/ul>\n\n<p>L&rsquo;accord devrait stabiliser le secteur et assurer la continuit\u00e9 des services de transport de v\u00e9hicules dans la p\u00e9riode \u00e0 venir.<\/p>\n","protected":false},"excerpt":{"rendered":"<p>Remorquage, l&rsquo;association professionnelle des entreprises de transport de marchandises, a annonc\u00e9 la lev\u00e9e de la suspension d&rsquo;activit\u00e9 qui avait \u00e9t\u00e9 annonc\u00e9e dans un communiqu\u00e9 du 29 ao\u00fbt 2025. Cette d\u00e9cision fait suite \u00e0 une s\u00e9ance de travail qui s&rsquo;est tenue le dimanche 31 ao\u00fbt 2025et qui a r\u00e9uni des repr\u00e9sentants de la communaut\u00e9 professionnelle et [&hellip;]<\/p>\n","protected":false},"author":6,"featured_media":9006,"comment_status":"open","ping_status":"open","sticky":false,"template":"","format":"standard","meta":{"footnotes":""},"categories":[68],"tags":[],"class_list":{"0":"post-9008","1":"post","2":"type-post","3":"status-publish","4":"format-standard","5":"has-post-thumbnail","7":"category-communaute"},"_links":{"self":[{"href":"https:\/\/live-kora-tv.com\/fr\/wp-json\/wp\/v2\/posts\/9008","targetHints":{"allow":["GET"]}}],"collection":[{"href":"https:\/\/live-kora-tv.com\/fr\/wp-json\/wp\/v2\/posts"}],"about":[{"href":"https:\/\/live-kora-tv.com\/fr\/wp-json\/wp\/v2\/types\/post"}],"author":[{"embeddable":true,"href":"https:\/\/live-kora-tv.com\/fr\/wp-json\/wp\/v2\/users\/6"}],"replies":[{"embeddable":true,"href":"https:\/\/live-kora-tv.com\/fr\/wp-json\/wp\/v2\/comments?post=9008"}],"version-history":[{"count":1,"href":"https:\/\/live-kora-tv.com\/fr\/wp-json\/wp\/v2\/posts\/9008\/revisions"}],"predecessor-version":[{"id":9009,"href":"https:\/\/live-kora-tv.com\/fr\/wp-json\/wp\/v2\/posts\/9008\/revisions\/9009"}],"wp:featuredmedia":[{"embeddable":true,"href":"https:\/\/live-kora-tv.com\/fr\/wp-json\/wp\/v2\/media\/9006"}],"wp:attachment":[{"href":"https:\/\/live-kora-tv.com\/fr\/wp-json\/wp\/v2\/media?parent=9008"}],"wp:term":[{"taxonomy":"category","embeddable":true,"href":"https:\/\/live-kora-tv.com\/fr\/wp-json\/wp\/v2\/categories?post=9008"},{"taxonomy":"post_tag","embeddable":true,"href":"https:\/\/live-kora-tv.com\/fr\/wp-json\/wp\/v2\/tags?post=9008"}],"curies":[{"name":"wp","href":"https:\/\/api.w.org\/{rel}","templated":true}]}}