{"id":9020,"date":"2025-09-02T09:40:30","date_gmt":"2025-09-02T06:40:30","guid":{"rendered":"https:\/\/live-kora-tv.com\/le-president-de-la-republique-rencontre-plusieurs-titulaires-de-doctorats\/"},"modified":"2025-09-02T09:40:32","modified_gmt":"2025-09-02T06:40:32","slug":"le-president-de-la-republique-rencontre-plusieurs-titulaires-de-doctorats","status":"publish","type":"post","link":"https:\/\/live-kora-tv.com\/fr\/le-president-de-la-republique-rencontre-plusieurs-titulaires-de-doctorats\/","title":{"rendered":"Le Pr\u00e9sident de la R\u00e9publique rencontre plusieurs titulaires de doctorats"},"content":{"rendered":"\n<p>Le lundi 1er septembre 2025, le Pr\u00e9sident de la R\u00e9publique Kais Saied a rencontr\u00e9 un groupe de titulaires de doctorat. La r\u00e9union a port\u00e9 sur leur situation et les d\u00e9fis auxquels ils sont confront\u00e9s dans le domaine de l&#8217;emploi et du travail.   <\/p>\n\n<p>Le chef de l&rsquo;\u00c9tat a commenc\u00e9 la r\u00e9union en soulignant que le <strong>d\u00e9bat reste la base du mandat<\/strong>, en insistant sur la n\u00e9cessit\u00e9 de fournir toutes les garanties n\u00e9cessaires pour assurer la transparence et l&rsquo;\u00e9galit\u00e9 entre tous les candidats.<\/p>\n\n<p>Il a \u00e9galement soulign\u00e9 que les docteurs comp\u00e9tents ou d&rsquo;autres qui ont \u00e9t\u00e9 au ch\u00f4mage pendant une longue p\u00e9riode se caract\u00e9risent par un grand enthousiasme et un sens \u00e9lev\u00e9 de la responsabilit\u00e9, soulignant qu&rsquo;ils ont de larges perspectives pour supporter la confiance et d\u00e9dommager ceux qui n&rsquo;ont pas fait leur devoir correctement. Il a expliqu\u00e9 que certains services publics se sont transform\u00e9s en une extension des lobbies, notant que ceux qui manquent d&rsquo;exp\u00e9rience l&rsquo;acquerront, tandis que ceux qui cherchent \u00e0 envenimer la situation ou qui manquent de patriotisme et travaillent \u00e0 harceler les employ\u00e9s, \u00ab\u00a0la Tunisie n&rsquo;a pas besoin de lui, et il fait partie des ennemis de la Tunisie\u00a0\u00bb.       <\/p>\n\n<p>Le Pr\u00e9sident de la R\u00e9publique a d\u00e9clar\u00e9 :<br\/><strong>\u00ab\u00a0Notre ch\u00e8re patrie en phase de construction et d&rsquo;\u00e9dification a besoin des bras et des esprits de ses hommes et de ses femmes libres, tous br\u00fblants d&rsquo;enthousiasme et remplis de l&rsquo;esprit de don et de contre-don pour le franchissement d\u00e9finitif et irr\u00e9versible.\u00a0\u00bb<\/strong><\/p>\n","protected":false},"excerpt":{"rendered":"<p>Le lundi 1er septembre 2025, le Pr\u00e9sident de la R\u00e9publique Kais Saied a rencontr\u00e9 un groupe de titulaires de doctorat. La r\u00e9union a port\u00e9 sur leur situation et les d\u00e9fis auxquels ils sont confront\u00e9s dans le domaine de l&#8217;emploi et du travail. Le chef de l&rsquo;\u00c9tat a commenc\u00e9 la r\u00e9union en soulignant que le d\u00e9bat [&hellip;]<\/p>\n","protected":false},"author":6,"featured_media":9018,"comment_status":"open","ping_status":"open","sticky":false,"template":"","format":"standard","meta":{"footnotes":""},"categories":[25],"tags":[],"class_list":{"0":"post-9020","1":"post","2":"type-post","3":"status-publish","4":"format-standard","5":"has-post-thumbnail","7":"category-actualites-politiques"},"_links":{"self":[{"href":"https:\/\/live-kora-tv.com\/fr\/wp-json\/wp\/v2\/posts\/9020","targetHints":{"allow":["GET"]}}],"collection":[{"href":"https:\/\/live-kora-tv.com\/fr\/wp-json\/wp\/v2\/posts"}],"about":[{"href":"https:\/\/live-kora-tv.com\/fr\/wp-json\/wp\/v2\/types\/post"}],"author":[{"embeddable":true,"href":"https:\/\/live-kora-tv.com\/fr\/wp-json\/wp\/v2\/users\/6"}],"replies":[{"embeddable":true,"href":"https:\/\/live-kora-tv.com\/fr\/wp-json\/wp\/v2\/comments?post=9020"}],"version-history":[{"count":1,"href":"https:\/\/live-kora-tv.com\/fr\/wp-json\/wp\/v2\/posts\/9020\/revisions"}],"predecessor-version":[{"id":9021,"href":"https:\/\/live-kora-tv.com\/fr\/wp-json\/wp\/v2\/posts\/9020\/revisions\/9021"}],"wp:featuredmedia":[{"embeddable":true,"href":"https:\/\/live-kora-tv.com\/fr\/wp-json\/wp\/v2\/media\/9018"}],"wp:attachment":[{"href":"https:\/\/live-kora-tv.com\/fr\/wp-json\/wp\/v2\/media?parent=9020"}],"wp:term":[{"taxonomy":"category","embeddable":true,"href":"https:\/\/live-kora-tv.com\/fr\/wp-json\/wp\/v2\/categories?post=9020"},{"taxonomy":"post_tag","embeddable":true,"href":"https:\/\/live-kora-tv.com\/fr\/wp-json\/wp\/v2\/tags?post=9020"}],"curies":[{"name":"wp","href":"https:\/\/api.w.org\/{rel}","templated":true}]}}