{"id":9026,"date":"2025-09-02T10:31:17","date_gmt":"2025-09-02T07:31:17","guid":{"rendered":"https:\/\/live-kora-tv.com\/soudan-un-glissement-de-terrain-au-darfour-fait-plus-de-1-000-morts\/"},"modified":"2025-09-02T10:31:19","modified_gmt":"2025-09-02T07:31:19","slug":"soudan-un-glissement-de-terrain-au-darfour-fait-plus-de-1-000-morts","status":"publish","type":"post","link":"https:\/\/live-kora-tv.com\/fr\/soudan-un-glissement-de-terrain-au-darfour-fait-plus-de-1-000-morts\/","title":{"rendered":"Soudan : Un glissement de terrain au Darfour fait plus de 1 000 morts"},"content":{"rendered":"\n<p>La r\u00e9gion occidentale du Darfour, au Soudan, a \u00e9t\u00e9 le th\u00e9\u00e2tre d&rsquo;une terrible catastrophe humanitaire. <strong>Un \u00e9norme glissement de terrain<\/strong> a tu\u00e9 plus de 1 000 personnes apr\u00e8s avoir compl\u00e8tement d\u00e9truit le village de Tarsin, situ\u00e9 \u00e0 l&rsquo;est de Jebel Marra, pr\u00e8s de la r\u00e9gion de Soni, a annonc\u00e9 lundi soir, 1er septembre 2025, un mouvement arm\u00e9 contr\u00f4lant la r\u00e9gion.  <\/p>\n\n<p>Le mouvement de <strong>l&rsquo;ALS<\/strong> a d\u00e9clar\u00e9 dans un communiqu\u00e9 que \u00ab\u00a0des glissements de terrain importants et d\u00e9vastateurs ont entra\u00een\u00e9 la destruction compl\u00e8te du village de Tersin \u00e0 l&rsquo;est de Jebel Marra, pr\u00e8s de la zone de Soni, et la mort de toute sa population, estim\u00e9e \u00e0 plus d&rsquo;un millier de personnes, dont une seule a surv\u00e9cu\u00a0\u00bb.  <\/p>\n\n<h3 class=\"wp-block-heading\">D\u00e9tails de la catastrophe<\/h3>\n\n<ul class=\"wp-block-list\">\n<li>La trag\u00e9die s&rsquo;est produite dimanche \u00e0 la suite des <strong>fortes pluies<\/strong> qui se sont abattues sur la r\u00e9gion au cours de la derni\u00e8re semaine d&rsquo;ao\u00fbt.<\/li>\n\n\n\n<li>Selon les premi\u00e8res informations, tous les villageois ont \u00e9t\u00e9 tu\u00e9s, \u00e0 l&rsquo;exception d&rsquo;un survivant. <\/li>\n\n\n\n<li>Le village a \u00e9t\u00e9 compl\u00e8tement d\u00e9truit et aplati par un glissement de terrain.<\/li>\n<\/ul>\n\n<h3 class=\"wp-block-heading\">Appel de d\u00e9tresse<\/h3>\n\n<p>Le mouvement a not\u00e9 que des corps sont encore ensevelis sous les d\u00e9combres, appelant l&rsquo;ONU et les organisations internationales et r\u00e9gionales \u00e0 intervenir d&rsquo;urgence pour r\u00e9cup\u00e9rer les victimes et fournir une assistance humanitaire, soulignant que le nombre de morts est estim\u00e9 \u00e0 plus de 1 000 hommes, femmes et enfants.  <\/p>\n","protected":false},"excerpt":{"rendered":"<p>La r\u00e9gion occidentale du Darfour, au Soudan, a \u00e9t\u00e9 le th\u00e9\u00e2tre d&rsquo;une terrible catastrophe humanitaire. Un \u00e9norme glissement de terrain a tu\u00e9 plus de 1 000 personnes apr\u00e8s avoir compl\u00e8tement d\u00e9truit le village de Tarsin, situ\u00e9 \u00e0 l&rsquo;est de Jebel Marra, pr\u00e8s de la r\u00e9gion de Soni, a annonc\u00e9 lundi soir, 1er septembre 2025, un [&hellip;]<\/p>\n","protected":false},"author":6,"featured_media":9024,"comment_status":"open","ping_status":"open","sticky":false,"template":"","format":"standard","meta":{"footnotes":""},"categories":[69],"tags":[],"class_list":{"0":"post-9026","1":"post","2":"type-post","3":"status-publish","4":"format-standard","5":"has-post-thumbnail","7":"category-nouvelles-du-monde"},"_links":{"self":[{"href":"https:\/\/live-kora-tv.com\/fr\/wp-json\/wp\/v2\/posts\/9026","targetHints":{"allow":["GET"]}}],"collection":[{"href":"https:\/\/live-kora-tv.com\/fr\/wp-json\/wp\/v2\/posts"}],"about":[{"href":"https:\/\/live-kora-tv.com\/fr\/wp-json\/wp\/v2\/types\/post"}],"author":[{"embeddable":true,"href":"https:\/\/live-kora-tv.com\/fr\/wp-json\/wp\/v2\/users\/6"}],"replies":[{"embeddable":true,"href":"https:\/\/live-kora-tv.com\/fr\/wp-json\/wp\/v2\/comments?post=9026"}],"version-history":[{"count":1,"href":"https:\/\/live-kora-tv.com\/fr\/wp-json\/wp\/v2\/posts\/9026\/revisions"}],"predecessor-version":[{"id":9027,"href":"https:\/\/live-kora-tv.com\/fr\/wp-json\/wp\/v2\/posts\/9026\/revisions\/9027"}],"wp:featuredmedia":[{"embeddable":true,"href":"https:\/\/live-kora-tv.com\/fr\/wp-json\/wp\/v2\/media\/9024"}],"wp:attachment":[{"href":"https:\/\/live-kora-tv.com\/fr\/wp-json\/wp\/v2\/media?parent=9026"}],"wp:term":[{"taxonomy":"category","embeddable":true,"href":"https:\/\/live-kora-tv.com\/fr\/wp-json\/wp\/v2\/categories?post=9026"},{"taxonomy":"post_tag","embeddable":true,"href":"https:\/\/live-kora-tv.com\/fr\/wp-json\/wp\/v2\/tags?post=9026"}],"curies":[{"name":"wp","href":"https:\/\/api.w.org\/{rel}","templated":true}]}}