{"id":9032,"date":"2025-09-02T11:07:00","date_gmt":"2025-09-02T08:07:00","guid":{"rendered":"https:\/\/live-kora-tv.com\/le-president-de-la-republique-visite-les-places-de-barcelone-et-de-menji-bali-apres-leur-reconfiguration\/"},"modified":"2025-09-02T11:07:02","modified_gmt":"2025-09-02T08:07:02","slug":"le-president-de-la-republique-visite-les-places-de-barcelone-et-de-menji-bali-apres-leur-reconfiguration","status":"publish","type":"post","link":"https:\/\/live-kora-tv.com\/fr\/le-president-de-la-republique-visite-les-places-de-barcelone-et-de-menji-bali-apres-leur-reconfiguration\/","title":{"rendered":"Le Pr\u00e9sident de la R\u00e9publique visite les places de Barcelone et de Menji Bali apr\u00e8s leur reconfiguration"},"content":{"rendered":"\n<p>Le lundi soir 1er septembre 2025, le Pr\u00e9sident de la R\u00e9publique Kais Saied a effectu\u00e9 une visite de terrain sur les <strong>places Barcelona et Menji Bali<\/strong>, dont il avait ordonn\u00e9 le r\u00e9am\u00e9nagement sous la supervision du <strong>g\u00e9nie militaire.<\/strong>  <\/p>\n\n<p>Au cours de sa tourn\u00e9e, le pr\u00e9sident s&rsquo;est entretenu avec un certain nombre de citoyens et a \u00e9cout\u00e9 leurs pr\u00e9occupations, soulignant que <strong>les travaux se poursuivent sans interruption<\/strong> pour trouver des solutions radicales aux diff\u00e9rents probl\u00e8mes qui pr\u00e9occupent les citoyens.  <\/p>\n\n<h3 class=\"wp-block-heading\">Un appel \u00e0 l&rsquo;hygi\u00e8ne quotidienne et aux soins de beaut\u00e9<\/h3>\n\n<p>Le pr\u00e9sident a soulign\u00e9 la n\u00e9cessit\u00e9 de maintenir la propret\u00e9 et l&rsquo;esth\u00e9tique de ces places sur une base quotidienne et continue par la municipalit\u00e9 et les autorit\u00e9s concern\u00e9es, appelant \u00e0 <strong>repeindre les b\u00e2timents voisins<\/strong> dans les prochains jours afin d&rsquo;am\u00e9liorer l&rsquo;apparence de la zone. <\/p>\n\n<h3 class=\"wp-block-heading\">\u00c9loge de l&rsquo;ing\u00e9nierie militaire<\/h3>\n\n<p>Le pr\u00e9sident de la R\u00e9publique a salu\u00e9 les efforts des ing\u00e9nieurs militaires qui ont entrepris les travaux, notant qu&rsquo;ils ont redonn\u00e9 \u00e0 la <strong>place de Barcelone<\/strong> sa meilleure image apr\u00e8s des ann\u00e9es d&rsquo;abandon. <\/p>\n\n<h3 class=\"wp-block-heading\">Des espaces publics pour les citoyens<\/h3>\n\n<p>Le chef de l&rsquo;\u00c9tat a \u00e9galement insist\u00e9 sur la n\u00e9cessit\u00e9 de multiplier les espaces publics ouverts aux citoyens tout en veillant \u00e0 leur propret\u00e9 et \u00e0 leur esth\u00e9tique : <br\/><strong>\u00ab\u00a0C&rsquo;est la r\u00e9volution culturelle que nous cherchons \u00e0 r\u00e9aliser dans tout le pays.<\/strong><\/p>\n\n<p><\/p>\n","protected":false},"excerpt":{"rendered":"<p>Le lundi soir 1er septembre 2025, le Pr\u00e9sident de la R\u00e9publique Kais Saied a effectu\u00e9 une visite de terrain sur les places Barcelona et Menji Bali, dont il avait ordonn\u00e9 le r\u00e9am\u00e9nagement sous la supervision du g\u00e9nie militaire. Au cours de sa tourn\u00e9e, le pr\u00e9sident s&rsquo;est entretenu avec un certain nombre de citoyens et a [&hellip;]<\/p>\n","protected":false},"author":6,"featured_media":9030,"comment_status":"open","ping_status":"open","sticky":false,"template":"","format":"standard","meta":{"footnotes":""},"categories":[25],"tags":[],"class_list":{"0":"post-9032","1":"post","2":"type-post","3":"status-publish","4":"format-standard","5":"has-post-thumbnail","7":"category-actualites-politiques"},"_links":{"self":[{"href":"https:\/\/live-kora-tv.com\/fr\/wp-json\/wp\/v2\/posts\/9032","targetHints":{"allow":["GET"]}}],"collection":[{"href":"https:\/\/live-kora-tv.com\/fr\/wp-json\/wp\/v2\/posts"}],"about":[{"href":"https:\/\/live-kora-tv.com\/fr\/wp-json\/wp\/v2\/types\/post"}],"author":[{"embeddable":true,"href":"https:\/\/live-kora-tv.com\/fr\/wp-json\/wp\/v2\/users\/6"}],"replies":[{"embeddable":true,"href":"https:\/\/live-kora-tv.com\/fr\/wp-json\/wp\/v2\/comments?post=9032"}],"version-history":[{"count":1,"href":"https:\/\/live-kora-tv.com\/fr\/wp-json\/wp\/v2\/posts\/9032\/revisions"}],"predecessor-version":[{"id":9033,"href":"https:\/\/live-kora-tv.com\/fr\/wp-json\/wp\/v2\/posts\/9032\/revisions\/9033"}],"wp:featuredmedia":[{"embeddable":true,"href":"https:\/\/live-kora-tv.com\/fr\/wp-json\/wp\/v2\/media\/9030"}],"wp:attachment":[{"href":"https:\/\/live-kora-tv.com\/fr\/wp-json\/wp\/v2\/media?parent=9032"}],"wp:term":[{"taxonomy":"category","embeddable":true,"href":"https:\/\/live-kora-tv.com\/fr\/wp-json\/wp\/v2\/categories?post=9032"},{"taxonomy":"post_tag","embeddable":true,"href":"https:\/\/live-kora-tv.com\/fr\/wp-json\/wp\/v2\/tags?post=9032"}],"curies":[{"name":"wp","href":"https:\/\/api.w.org\/{rel}","templated":true}]}}