{"id":9044,"date":"2025-09-02T12:47:53","date_gmt":"2025-09-02T09:47:53","guid":{"rendered":"https:\/\/live-kora-tv.com\/la-fondation-fidaa-attribue-des-bourses-detudes-aux-enfants-des-martyrs-et-des-blesses-des-attentats-terroristes\/"},"modified":"2025-09-02T12:47:55","modified_gmt":"2025-09-02T09:47:55","slug":"la-fondation-fidaa-attribue-des-bourses-detudes-aux-enfants-des-martyrs-et-des-blesses-des-attentats-terroristes","status":"publish","type":"post","link":"https:\/\/live-kora-tv.com\/fr\/la-fondation-fidaa-attribue-des-bourses-detudes-aux-enfants-des-martyrs-et-des-blesses-des-attentats-terroristes\/","title":{"rendered":"La Fondation Fidaa attribue des bourses d&rsquo;\u00e9tudes aux enfants des martyrs et des bless\u00e9s des attentats terroristes"},"content":{"rendered":"\n<p>La Fondation <strong>Fidaa<\/strong> a annonc\u00e9 qu&rsquo;elle versera des bourses scolaires, universitaires et de formation pour l&rsquo;ann\u00e9e acad\u00e9mique <strong>2025\/2026<\/strong> aux enfants des martyrs des attaques terroristes, y compris le personnel militaire, les membres des Forces de s\u00e9curit\u00e9 int\u00e9rieure (FSI) et les agents des douanes.<\/p>\n\n<p>Selon la d\u00e9claration de la Fondation, ces subventions b\u00e9n\u00e9ficieront aux personnes suivantes : <\/p>\n\n<ul class=\"wp-block-list\">\n<li>Les enfants des martyrs et des bless\u00e9s de la r\u00e9volution dont les noms figurent au <strong>Journal officiel de la R\u00e9publique tunisienne n\u00b0 26 de l&rsquo;ann\u00e9e 2021<\/strong>.<\/li>\n\n\n\n<li>Enfants de militaires, d&rsquo;agents de s\u00e9curit\u00e9 int\u00e9rieure et d&rsquo;agents des douanes bless\u00e9s lors d&rsquo;attentats terroristes et pr\u00e9sentant une <strong>d\u00e9ficience physique<\/strong> de <strong>15 % ou plus<\/strong>.<\/li>\n<\/ul>\n\n<h3 class=\"wp-block-heading\">D\u00e9lais de d\u00e9p\u00f4t et de documentation<\/h3>\n\n<p>L&rsquo;organisation a appel\u00e9 ses membres \u00e0 soumettre les dossiers avec les documents requis selon les deux listes jointes dans les d\u00e9lais suivants :<\/p>\n\n<ul class=\"wp-block-list\">\n<li><strong>Du 1er au 10 septembre<\/strong> pour les \u00e9tudiants.<\/li>\n\n\n\n<li><strong>Jusqu&rsquo;au 10 octobre<\/strong> pour les \u00e9tudiants et les b\u00e9n\u00e9ficiaires de la formation professionnelle.<\/li>\n<\/ul>\n\n<h3 class=\"wp-block-heading\">Conditions de versement et de rappel des subventions<\/h3>\n\n<ul class=\"wp-block-list\">\n<li><strong>Pour les \u00e9l\u00e8ves<\/strong>: L&rsquo;<strong>allocation de rentr\u00e9e scolaire<\/strong> et l&rsquo;allocation de <strong>septembre 2025<\/strong> seront vers\u00e9es dans un premier temps sur la base du <strong>justificatif d&rsquo;inscription<\/strong> dans un \u00e9tablissement d&rsquo;enseignement. Les autres bourses mensuelles seront finalis\u00e9es \u00e0 partir d&rsquo;<strong>octobre 2025<\/strong> sur la base d <strong>&lsquo;<\/strong> une attestation de fr\u00e9quentation de l&rsquo;\u00e9tablissement d&rsquo;enseignement concern\u00e9. <\/li>\n\n\n\n<li><strong>Pour les bourses universitaires et les bourses de formation professionnelle<\/strong>: Les bourses <strong>doivent \u00eatre<\/strong> vers\u00e9es sur pr\u00e9sentation d&rsquo;un <strong>certificat de fin d&rsquo;\u00e9tudes<\/strong> ou d&rsquo;un <strong>certificat de scolarit\u00e9<\/strong>.<\/li>\n<\/ul>\n\n<h3 class=\"wp-block-heading\">M\u00e9thodes de d\u00e9p\u00f4t et adresse<\/h3>\n\n<p>Les dossiers peuvent \u00eatre d\u00e9pos\u00e9s directement au si\u00e8ge du Fidaa, ou envoy\u00e9s par courrier sous enveloppe cachet\u00e9e portant le <strong>nom du martyr ou du bless\u00e9<\/strong><strong>et son num\u00e9ro de classement<\/strong> dans le journal officiel pr\u00e9cit\u00e9, \u00e0 l&rsquo;adresse :  <br\/><strong>62 Nahj Salih Ben Youssef, Al-Manar 2, Tunis 2092  <\/strong>.<\/p>\n","protected":false},"excerpt":{"rendered":"<p>La Fondation Fidaa a annonc\u00e9 qu&rsquo;elle versera des bourses scolaires, universitaires et de formation pour l&rsquo;ann\u00e9e acad\u00e9mique 2025\/2026 aux enfants des martyrs des attaques terroristes, y compris le personnel militaire, les membres des Forces de s\u00e9curit\u00e9 int\u00e9rieure (FSI) et les agents des douanes. Selon la d\u00e9claration de la Fondation, ces subventions b\u00e9n\u00e9ficieront aux personnes suivantes [&hellip;]<\/p>\n","protected":false},"author":6,"featured_media":9042,"comment_status":"open","ping_status":"open","sticky":false,"template":"","format":"standard","meta":{"footnotes":""},"categories":[68],"tags":[],"class_list":{"0":"post-9044","1":"post","2":"type-post","3":"status-publish","4":"format-standard","5":"has-post-thumbnail","7":"category-communaute"},"_links":{"self":[{"href":"https:\/\/live-kora-tv.com\/fr\/wp-json\/wp\/v2\/posts\/9044","targetHints":{"allow":["GET"]}}],"collection":[{"href":"https:\/\/live-kora-tv.com\/fr\/wp-json\/wp\/v2\/posts"}],"about":[{"href":"https:\/\/live-kora-tv.com\/fr\/wp-json\/wp\/v2\/types\/post"}],"author":[{"embeddable":true,"href":"https:\/\/live-kora-tv.com\/fr\/wp-json\/wp\/v2\/users\/6"}],"replies":[{"embeddable":true,"href":"https:\/\/live-kora-tv.com\/fr\/wp-json\/wp\/v2\/comments?post=9044"}],"version-history":[{"count":1,"href":"https:\/\/live-kora-tv.com\/fr\/wp-json\/wp\/v2\/posts\/9044\/revisions"}],"predecessor-version":[{"id":9045,"href":"https:\/\/live-kora-tv.com\/fr\/wp-json\/wp\/v2\/posts\/9044\/revisions\/9045"}],"wp:featuredmedia":[{"embeddable":true,"href":"https:\/\/live-kora-tv.com\/fr\/wp-json\/wp\/v2\/media\/9042"}],"wp:attachment":[{"href":"https:\/\/live-kora-tv.com\/fr\/wp-json\/wp\/v2\/media?parent=9044"}],"wp:term":[{"taxonomy":"category","embeddable":true,"href":"https:\/\/live-kora-tv.com\/fr\/wp-json\/wp\/v2\/categories?post=9044"},{"taxonomy":"post_tag","embeddable":true,"href":"https:\/\/live-kora-tv.com\/fr\/wp-json\/wp\/v2\/tags?post=9044"}],"curies":[{"name":"wp","href":"https:\/\/api.w.org\/{rel}","templated":true}]}}