{"id":9050,"date":"2025-09-02T16:10:28","date_gmt":"2025-09-02T13:10:28","guid":{"rendered":"https:\/\/live-kora-tv.com\/les-vols-sfax-gorgna-lode-peuvent-etre-retardes-en-raison-des-fluctuations-meteorologiques\/"},"modified":"2025-09-02T16:10:30","modified_gmt":"2025-09-02T13:10:30","slug":"les-vols-sfax-gorgna-lode-peuvent-etre-retardes-en-raison-des-fluctuations-meteorologiques","status":"publish","type":"post","link":"https:\/\/live-kora-tv.com\/fr\/les-vols-sfax-gorgna-lode-peuvent-etre-retardes-en-raison-des-fluctuations-meteorologiques\/","title":{"rendered":"Les vols Sfax-Gorgna Lode peuvent \u00eatre retard\u00e9s en raison des fluctuations m\u00e9t\u00e9orologiques"},"content":{"rendered":"\n<p>Selon les pr\u00e9visions m\u00e9t\u00e9orologiques \u00e9mises par l&rsquo;<strong>Institut National de M\u00e9t\u00e9orologie (INM<\/strong> ) pour la journ\u00e9e d&rsquo;aujourd&rsquo;hui, la <strong>Nouvelle Soci\u00e9t\u00e9 de Transport<\/strong> \u00e0 Kerkennah (Gouvernorat de Sfax) a annonc\u00e9 qu&rsquo;il pourrait y avoir des perturbations dans les temps de <strong>parcours<\/strong> entre Sfax et l&rsquo;\u00eele de Kerkennah pr\u00e9vus pour aujourd&rsquo;hui, mardi 2 septembre 2025, en fonction des pr\u00e9visions m\u00e9t\u00e9orologiques \u00e9mises par l&rsquo;<strong>Institut National de M\u00e9t\u00e9orologie<\/strong>.  <\/p>\n\n<p>La compagnie a soulign\u00e9 qu&rsquo;elle informerait les clients de tout changement d&rsquo;horaire en temps voulu.<\/p>\n\n<h3 class=\"wp-block-heading\">Pr\u00e9visions m\u00e9t\u00e9orologiques<\/h3>\n\n<p>Selon un bulletin de suivi publi\u00e9 par l&rsquo;Institut m\u00e9t\u00e9orologique :<\/p>\n\n<ul class=\"wp-block-list\">\n<li>Le temps aujourd&rsquo;hui sera marqu\u00e9 par des <strong>orages accompagn\u00e9s de pluie<\/strong> dans le nord et localement dans le centre.<\/li>\n\n\n\n<li>Les pluies sont parfois <strong>fortes l&rsquo;apr\u00e8s-midi<\/strong>, avec des quantit\u00e9s comprises entre <strong>20 et 40 mm.<\/strong><\/li>\n\n\n\n<li>De la gr\u00eale est attendue dans des zones limit\u00e9es.<\/li>\n\n\n\n<li>Les vents forts lors de l&rsquo;apparition d&rsquo;orages peuvent d\u00e9passer <strong>80 km\/h<\/strong> sous forme de rafales.<\/li>\n<\/ul>\n\n<p><\/p>\n","protected":false},"excerpt":{"rendered":"<p>Selon les pr\u00e9visions m\u00e9t\u00e9orologiques \u00e9mises par l&rsquo;Institut National de M\u00e9t\u00e9orologie (INM ) pour la journ\u00e9e d&rsquo;aujourd&rsquo;hui, la Nouvelle Soci\u00e9t\u00e9 de Transport \u00e0 Kerkennah (Gouvernorat de Sfax) a annonc\u00e9 qu&rsquo;il pourrait y avoir des perturbations dans les temps de parcours entre Sfax et l&rsquo;\u00eele de Kerkennah pr\u00e9vus pour aujourd&rsquo;hui, mardi 2 septembre 2025, en fonction des [&hellip;]<\/p>\n","protected":false},"author":6,"featured_media":9048,"comment_status":"open","ping_status":"open","sticky":false,"template":"","format":"standard","meta":{"footnotes":""},"categories":[68],"tags":[],"class_list":{"0":"post-9050","1":"post","2":"type-post","3":"status-publish","4":"format-standard","5":"has-post-thumbnail","7":"category-communaute"},"_links":{"self":[{"href":"https:\/\/live-kora-tv.com\/fr\/wp-json\/wp\/v2\/posts\/9050","targetHints":{"allow":["GET"]}}],"collection":[{"href":"https:\/\/live-kora-tv.com\/fr\/wp-json\/wp\/v2\/posts"}],"about":[{"href":"https:\/\/live-kora-tv.com\/fr\/wp-json\/wp\/v2\/types\/post"}],"author":[{"embeddable":true,"href":"https:\/\/live-kora-tv.com\/fr\/wp-json\/wp\/v2\/users\/6"}],"replies":[{"embeddable":true,"href":"https:\/\/live-kora-tv.com\/fr\/wp-json\/wp\/v2\/comments?post=9050"}],"version-history":[{"count":1,"href":"https:\/\/live-kora-tv.com\/fr\/wp-json\/wp\/v2\/posts\/9050\/revisions"}],"predecessor-version":[{"id":9051,"href":"https:\/\/live-kora-tv.com\/fr\/wp-json\/wp\/v2\/posts\/9050\/revisions\/9051"}],"wp:featuredmedia":[{"embeddable":true,"href":"https:\/\/live-kora-tv.com\/fr\/wp-json\/wp\/v2\/media\/9048"}],"wp:attachment":[{"href":"https:\/\/live-kora-tv.com\/fr\/wp-json\/wp\/v2\/media?parent=9050"}],"wp:term":[{"taxonomy":"category","embeddable":true,"href":"https:\/\/live-kora-tv.com\/fr\/wp-json\/wp\/v2\/categories?post=9050"},{"taxonomy":"post_tag","embeddable":true,"href":"https:\/\/live-kora-tv.com\/fr\/wp-json\/wp\/v2\/tags?post=9050"}],"curies":[{"name":"wp","href":"https:\/\/api.w.org\/{rel}","templated":true}]}}