{"id":9056,"date":"2025-09-02T16:13:25","date_gmt":"2025-09-02T13:13:25","guid":{"rendered":"https:\/\/live-kora-tv.com\/trump-sengage-a-mettre-fin-a-la-criminalite-a-chicago-la-ville-la-plus-dangereuse-du-monde\/"},"modified":"2025-09-02T16:13:26","modified_gmt":"2025-09-02T13:13:26","slug":"trump-sengage-a-mettre-fin-a-la-criminalite-a-chicago-la-ville-la-plus-dangereuse-du-monde","status":"publish","type":"post","link":"https:\/\/live-kora-tv.com\/fr\/trump-sengage-a-mettre-fin-a-la-criminalite-a-chicago-la-ville-la-plus-dangereuse-du-monde\/","title":{"rendered":"Trump s&rsquo;engage \u00e0 mettre fin \u00e0 la criminalit\u00e9 \u00e0 Chicago, \u00ab\u00a0la ville la plus dangereuse du monde\u00a0\u00bb."},"content":{"rendered":"\n<p>Le pr\u00e9sident am\u00e9ricain <strong>Donald Trump<\/strong>s&rsquo;est engag\u00e9 mardi 2 septembre 2025 \u00e0 prendre des mesures urgentes pour r\u00e9soudre ce qu&rsquo;il a qualifi\u00e9 de \u00ab\u00a0probl\u00e8me de criminalit\u00e9\u00a0\u00bb \u00e0 <strong>Chicago<\/strong>, qu&rsquo;il a d\u00e9crite comme \u00ab\u00a0la ville la plus dangereuse du monde\u00a0\u00bb, laissant entrevoir la possibilit\u00e9 d&rsquo;y d\u00e9ployer des forces de s\u00e9curit\u00e9 suppl\u00e9mentaires.<\/p>\n\n<p>a d\u00e9clar\u00e9 M. Trump :  <em>\u00ab\u00a0Je r\u00e9soudrai les crimes rapidement, comme je l&rsquo;ai fait \u00e0 Washington. <\/em>faisant r\u00e9f\u00e9rence \u00e0 sa d\u00e9cision ant\u00e9rieure de d\u00e9ployer des troupes de <strong>la Garde nationale<\/strong> dans les rues de la capitale am\u00e9ricaine au d\u00e9but du mois dernier.<\/p>\n\n<p>M. Trump a confirm\u00e9 que la <strong>s\u00e9curit\u00e9 retournerait bient\u00f4t \u00e0 Chicago<\/strong>, dans une d\u00e9marche qu&rsquo;il a d\u00e9crite comme similaire \u00e0 sa r\u00e9cente exp\u00e9rience \u00e0 Washington.<\/p>\n\n<p><\/p>\n","protected":false},"excerpt":{"rendered":"<p>Le pr\u00e9sident am\u00e9ricain Donald Trumps&rsquo;est engag\u00e9 mardi 2 septembre 2025 \u00e0 prendre des mesures urgentes pour r\u00e9soudre ce qu&rsquo;il a qualifi\u00e9 de \u00ab\u00a0probl\u00e8me de criminalit\u00e9\u00a0\u00bb \u00e0 Chicago, qu&rsquo;il a d\u00e9crite comme \u00ab\u00a0la ville la plus dangereuse du monde\u00a0\u00bb, laissant entrevoir la possibilit\u00e9 d&rsquo;y d\u00e9ployer des forces de s\u00e9curit\u00e9 suppl\u00e9mentaires. a d\u00e9clar\u00e9 M. Trump : \u00ab\u00a0Je [&hellip;]<\/p>\n","protected":false},"author":6,"featured_media":9054,"comment_status":"open","ping_status":"open","sticky":false,"template":"","format":"standard","meta":{"footnotes":""},"categories":[69],"tags":[],"class_list":{"0":"post-9056","1":"post","2":"type-post","3":"status-publish","4":"format-standard","5":"has-post-thumbnail","7":"category-nouvelles-du-monde"},"_links":{"self":[{"href":"https:\/\/live-kora-tv.com\/fr\/wp-json\/wp\/v2\/posts\/9056","targetHints":{"allow":["GET"]}}],"collection":[{"href":"https:\/\/live-kora-tv.com\/fr\/wp-json\/wp\/v2\/posts"}],"about":[{"href":"https:\/\/live-kora-tv.com\/fr\/wp-json\/wp\/v2\/types\/post"}],"author":[{"embeddable":true,"href":"https:\/\/live-kora-tv.com\/fr\/wp-json\/wp\/v2\/users\/6"}],"replies":[{"embeddable":true,"href":"https:\/\/live-kora-tv.com\/fr\/wp-json\/wp\/v2\/comments?post=9056"}],"version-history":[{"count":1,"href":"https:\/\/live-kora-tv.com\/fr\/wp-json\/wp\/v2\/posts\/9056\/revisions"}],"predecessor-version":[{"id":9057,"href":"https:\/\/live-kora-tv.com\/fr\/wp-json\/wp\/v2\/posts\/9056\/revisions\/9057"}],"wp:featuredmedia":[{"embeddable":true,"href":"https:\/\/live-kora-tv.com\/fr\/wp-json\/wp\/v2\/media\/9054"}],"wp:attachment":[{"href":"https:\/\/live-kora-tv.com\/fr\/wp-json\/wp\/v2\/media?parent=9056"}],"wp:term":[{"taxonomy":"category","embeddable":true,"href":"https:\/\/live-kora-tv.com\/fr\/wp-json\/wp\/v2\/categories?post=9056"},{"taxonomy":"post_tag","embeddable":true,"href":"https:\/\/live-kora-tv.com\/fr\/wp-json\/wp\/v2\/tags?post=9056"}],"curies":[{"name":"wp","href":"https:\/\/api.w.org\/{rel}","templated":true}]}}